{"id":1151,"date":"2012-03-30T14:08:17","date_gmt":"2012-03-30T14:08:17","guid":{"rendered":"http:\/\/www.mafuturemaison.fr\/dossier\/?p=1151"},"modified":"2015-08-12T09:36:16","modified_gmt":"2015-08-12T07:36:16","slug":"rt-2012-et-performance-energetique-lunion-des-maisons-francaises-propose-un-mode-de-calcul-fixe","status":"publish","type":"post","link":"https:\/\/www.mafuturemaison.fr\/dossier\/energie\/rt-2012-et-performance-energetique-lunion-des-maisons-francaises-propose-un-mode-de-calcul-fixe\/","title":{"rendered":"RT 2012 et performance \u00e9nerg\u00e9tique : l\u2019Union des Maisons Fran\u00e7aises propose un mode de calcul fixe"},"content":{"rendered":"<p>L\u2019Union des Maisons Fran\u00e7aises (UMF) s\u2019est adress\u00e9e il y a quelques jours au Premier Ministre pour lui exposer les probl\u00e8mes induits par la mise en \u0153uvre de la<a title=\"Le B\u00e2timent \u00e0 l\u2019horizon 2020\" href=\"https:\/\/www.mafuturemaison.fr\/dossier\/2012\/01\/le-batiment-a-l%e2%80%99horizon-2020\/\"> r\u00e9glementation thermique 2012<\/a>\u00a0(<strong>RT 2012<\/strong>) en mati\u00e8re de calcul de performance \u00e9nerg\u00e9tique dans le secteur des <strong><a title=\"Maison individuelle : les cl\u00e9s d\u2019une isolation r\u00e9ussie\" href=\"https:\/\/www.mafuturemaison.fr\/dossier\/2012\/01\/maison-individuelle-les-cles-d%e2%80%99une-isolation-reussie\/\">maisons individuelles<\/a><\/strong>.<\/p>\n<p>En effet, si la r\u00e9glementation a connu des avanc\u00e9es rapides et planifi\u00e9es, le mode de calcul de la <strong>performance \u00e9nerg\u00e9tique <\/strong>des b\u00e2timents a \u00e9t\u00e9 r\u00e9vis\u00e9 6 fois depuis le mois de juin 2011, ce qui occasionne des difficult\u00e9s tant pour les <strong>constructeurs<\/strong> que pour les industriels impliqu\u00e9s.<\/p>\n<p>Le code de l\u2019urbanisme et de la <strong>construction<\/strong> impose aux <a href=\"http:\/\/www.terrainsmaisons.fr\/constructeurs-annuaire.php\">constructeurs<\/a> de vendre leur produits \u00e0 prix fixe\u00a0; or, les modifications du mode de calcul de la performance \u00e9nerg\u00e9tique des b\u00e2timents peuvent engendrer des variations de prix cons\u00e9quentes, et donc des co\u00fbts suppl\u00e9mentaires, qu\u2019il n\u2019est pas possible d\u2019imputer au prix de d\u00e9part.<\/p>\n<p>Par ailleurs, ces changements et incertitudes ne leur permettent pas d\u2019offrir \u00e0 leurs clients un service aussi comp\u00e9tent et efficace qu\u2019ils le souhaiteraient, tant aux niveau des descriptifs techniques que des catalogues, et sans parler des prix&#8230; De plus cela les expose \u00e0 des conflits et des contentieux qui ne peuvent que nuire \u00e0 leur bon fonctionnement et \u00e0 leur image.<\/p>\n<p>Il est donc urgent de fixer d\u00e9finitivement la valeur r\u00e9glementaire de la consommation \u00e9nerg\u00e9tique des b\u00e2timents (CEP) conform\u00e9ment aux exigences de la r\u00e9glementation thermique. A ce titre, l\u2019UMF propose que la Cep maximum soit \u00e9tabli \u00e0 57,5kwh\/m<sup>2<\/sup>\/an, et modul\u00e9 selon les zones climatiques comme d\u00e9fini actuellement. L\u2019association sugg\u00e8re \u00e9galement que cette valeur soit ent\u00e9rin\u00e9e jusqu\u2019au 31 d\u00e9cembre 2014 (comme cela a \u00e9t\u00e9 d\u00e9j\u00e0 \u00e9t\u00e9 d\u00e9cid\u00e9 pour le logement collectif).<\/p>\n<p>Cela permettrait aux industriels comme aux constructeurs de d\u00e9velopper des produits adapt\u00e9s en d\u2019organiser la production, l\u2019innovation et la construction dans des conditions bien plus favorables et s\u00fbres.<\/p>\n<p>Aude Clavel<\/p>\n<p><strong><img loading=\"lazy\" decoding=\"async\" class=\"alignleft  wp-image-3725\" src=\"http:\/\/www.bienconstruire.net\/wp-content\/uploads\/2015\/03\/maisonMFM.jpg\" alt=\"ma future maison\" width=\"144\" height=\"114\" \/><\/strong><\/p>\n<p><strong>Vous souhaitez faire construire votre maison ?<\/strong><\/p>\n<p>Consultez les diff\u00e9rents <a title=\"modeles maisons\" href=\"http:\/\/www.mafuturemaison.fr\/modele-maison\/\" target=\"_blank\">catalogues de mod\u00e8les de nos constructeurs<\/a>, ou les <a title=\"fiches modeles maisons\" href=\"http:\/\/www.bienconstruire.net\/fiches-modele-de-maison-a-telecharger\/\" target=\"_blank\">fiches des diff\u00e9rents mod\u00e8les<\/a>, qui vous aideront \u00e0 faire votre choix.<br \/>\nNous vous proposons \u00e9galement de nombreuses <a title=\"annonces terrains\" href=\"http:\/\/www.mafuturemaison.fr\/annonce\/terrain-a-vendre\" target=\"_blank\">annonces de terrains \u00e0 b\u00e2tir<\/a>, ou d\u2019<a title=\"annonces terrain+maison\" href=\"http:\/\/www.mafuturemaison.fr\/annonce\/maison-neuve\" target=\"_blank\">op\u00e9rations terrain + maison<\/a> pour concr\u00e9tiser votre projet.<\/p>\n","protected":false},"excerpt":{"rendered":"<p>L\u2019Union des Maisons Fran\u00e7aises (UMF) s\u2019est adress\u00e9e il y a quelques jours au Premier Ministre pour lui exposer les probl\u00e8mes induits par la mise en \u0153uvre de la r\u00e9glementation thermique 2012\u00a0(RT 2012) en mati\u00e8re de calcul de performance \u00e9nerg\u00e9tique dans le secteur des maisons individuelles. En effet, si la r\u00e9glementation a connu des avanc\u00e9es rapides &hellip;<\/p>\n","protected":false},"author":1,"featured_media":4630,"comment_status":"open","ping_status":"open","sticky":false,"template":"","format":"standard","meta":{"footnotes":""},"categories":[5,10,3,11,14],"tags":[38,21,210,73,70],"class_list":["post-1151","post","type-post","status-publish","format-standard","has-post-thumbnail","hentry","category-actualites","category-chauffage","category-energie","category-maison-ecologique","category-reglementations","tag-constructeurs","tag-construction","tag-maison-individuelle","tag-performance-energetique","tag-rt-2012"],"yoast_head":"<!-- This site is optimized with the Yoast SEO plugin v25.8 - https:\/\/yoast.com\/wordpress\/plugins\/seo\/ -->\n<title>RT 2012 et performance \u00e9nerg\u00e9tique : l\u2019Union des Maisons Fran\u00e7aises propose un mode de calcul fixe - Ma Future Maison<\/title>\n<meta name=\"robots\" content=\"index, follow, max-snippet:-1, max-image-preview:large, max-video-preview:-1\" \/>\n<link rel=\"canonical\" href=\"https:\/\/www.mafuturemaison.fr\/dossier\/energie\/rt-2012-et-performance-energetique-lunion-des-maisons-francaises-propose-un-mode-de-calcul-fixe\/\" \/>\n<meta property=\"og:locale\" content=\"fr_FR\" \/>\n<meta property=\"og:type\" content=\"article\" \/>\n<meta property=\"og:title\" content=\"RT 2012 et performance \u00e9nerg\u00e9tique : l\u2019Union des Maisons Fran\u00e7aises propose un mode de calcul fixe - Ma Future Maison\" \/>\n<meta property=\"og:description\" content=\"L\u2019Union des Maisons Fran\u00e7aises (UMF) s\u2019est adress\u00e9e il y a quelques jours au Premier Ministre pour lui exposer les probl\u00e8mes induits par la mise en \u0153uvre de la r\u00e9glementation thermique 2012\u00a0(RT 2012) en mati\u00e8re de calcul de performance \u00e9nerg\u00e9tique dans le secteur des maisons individuelles. En effet, si la r\u00e9glementation a connu des avanc\u00e9es rapides &hellip;\" \/>\n<meta property=\"og:url\" content=\"https:\/\/www.mafuturemaison.fr\/dossier\/energie\/rt-2012-et-performance-energetique-lunion-des-maisons-francaises-propose-un-mode-de-calcul-fixe\/\" \/>\n<meta property=\"og:site_name\" content=\"Ma Future Maison\" \/>\n<meta property=\"article:publisher\" content=\"https:\/\/www.facebook.com\/MaFutureMaison\/\" \/>\n<meta property=\"article:published_time\" content=\"2012-03-30T14:08:17+00:00\" \/>\n<meta property=\"article:modified_time\" content=\"2015-08-12T07:36:16+00:00\" \/>\n<meta property=\"og:image\" content=\"https:\/\/www.mafuturemaison.fr\/dossier\/wp-content\/uploads\/2012\/03\/umf.png\" \/>\n\t<meta property=\"og:image:width\" content=\"226\" \/>\n\t<meta property=\"og:image:height\" content=\"109\" \/>\n\t<meta property=\"og:image:type\" content=\"image\/png\" \/>\n<meta name=\"author\" content=\"Cl\u00e9ment\" \/>\n<meta name=\"twitter:card\" content=\"summary_large_image\" \/>\n<meta name=\"twitter:label1\" content=\"\u00c9crit par\" \/>\n\t<meta name=\"twitter:data1\" content=\"Cl\u00e9ment\" \/>\n\t<meta name=\"twitter:label2\" content=\"Dur\u00e9e de lecture estim\u00e9e\" \/>\n\t<meta name=\"twitter:data2\" content=\"2 minutes\" \/>\n<script type=\"application\/ld+json\" class=\"yoast-schema-graph\">{\"@context\":\"https:\/\/schema.org\",\"@graph\":[{\"@type\":\"WebPage\",\"@id\":\"https:\/\/www.mafuturemaison.fr\/dossier\/energie\/rt-2012-et-performance-energetique-lunion-des-maisons-francaises-propose-un-mode-de-calcul-fixe\/\",\"url\":\"https:\/\/www.mafuturemaison.fr\/dossier\/energie\/rt-2012-et-performance-energetique-lunion-des-maisons-francaises-propose-un-mode-de-calcul-fixe\/\",\"name\":\"RT 2012 et performance \u00e9nerg\u00e9tique : l\u2019Union des Maisons Fran\u00e7aises propose un mode de calcul fixe - Ma Future Maison\",\"isPartOf\":{\"@id\":\"https:\/\/www.mafuturemaison.fr\/dossier\/#website\"},\"primaryImageOfPage\":{\"@id\":\"https:\/\/www.mafuturemaison.fr\/dossier\/energie\/rt-2012-et-performance-energetique-lunion-des-maisons-francaises-propose-un-mode-de-calcul-fixe\/#primaryimage\"},\"image\":{\"@id\":\"https:\/\/www.mafuturemaison.fr\/dossier\/energie\/rt-2012-et-performance-energetique-lunion-des-maisons-francaises-propose-un-mode-de-calcul-fixe\/#primaryimage\"},\"thumbnailUrl\":\"https:\/\/www.mafuturemaison.fr\/dossier\/wp-content\/uploads\/2012\/03\/umf.png\",\"datePublished\":\"2012-03-30T14:08:17+00:00\",\"dateModified\":\"2015-08-12T07:36:16+00:00\",\"author\":{\"@id\":\"https:\/\/www.mafuturemaison.fr\/dossier\/#\/schema\/person\/f994f1f3783d6073b7eb98c4ff13e131\"},\"breadcrumb\":{\"@id\":\"https:\/\/www.mafuturemaison.fr\/dossier\/energie\/rt-2012-et-performance-energetique-lunion-des-maisons-francaises-propose-un-mode-de-calcul-fixe\/#breadcrumb\"},\"inLanguage\":\"fr-FR\",\"potentialAction\":[{\"@type\":\"ReadAction\",\"target\":[\"https:\/\/www.mafuturemaison.fr\/dossier\/energie\/rt-2012-et-performance-energetique-lunion-des-maisons-francaises-propose-un-mode-de-calcul-fixe\/\"]}]},{\"@type\":\"ImageObject\",\"inLanguage\":\"fr-FR\",\"@id\":\"https:\/\/www.mafuturemaison.fr\/dossier\/energie\/rt-2012-et-performance-energetique-lunion-des-maisons-francaises-propose-un-mode-de-calcul-fixe\/#primaryimage\",\"url\":\"https:\/\/www.mafuturemaison.fr\/dossier\/wp-content\/uploads\/2012\/03\/umf.png\",\"contentUrl\":\"https:\/\/www.mafuturemaison.fr\/dossier\/wp-content\/uploads\/2012\/03\/umf.png\",\"width\":226,\"height\":109},{\"@type\":\"BreadcrumbList\",\"@id\":\"https:\/\/www.mafuturemaison.fr\/dossier\/energie\/rt-2012-et-performance-energetique-lunion-des-maisons-francaises-propose-un-mode-de-calcul-fixe\/#breadcrumb\",\"itemListElement\":[{\"@type\":\"ListItem\",\"position\":1,\"name\":\"Accueil\",\"item\":\"https:\/\/www.mafuturemaison.fr\/dossier\/\"},{\"@type\":\"ListItem\",\"position\":2,\"name\":\"RT 2012 et performance \u00e9nerg\u00e9tique : l\u2019Union des Maisons Fran\u00e7aises propose un mode de calcul fixe\"}]},{\"@type\":\"WebSite\",\"@id\":\"https:\/\/www.mafuturemaison.fr\/dossier\/#website\",\"url\":\"https:\/\/www.mafuturemaison.fr\/dossier\/\",\"name\":\"Ma Future Maison\",\"description\":\"Conseils et annonces pour faire construire sa maison\",\"potentialAction\":[{\"@type\":\"SearchAction\",\"target\":{\"@type\":\"EntryPoint\",\"urlTemplate\":\"https:\/\/www.mafuturemaison.fr\/dossier\/?s={search_term_string}\"},\"query-input\":{\"@type\":\"PropertyValueSpecification\",\"valueRequired\":true,\"valueName\":\"search_term_string\"}}],\"inLanguage\":\"fr-FR\"},{\"@type\":\"Person\",\"@id\":\"https:\/\/www.mafuturemaison.fr\/dossier\/#\/schema\/person\/f994f1f3783d6073b7eb98c4ff13e131\",\"name\":\"Cl\u00e9ment\",\"image\":{\"@type\":\"ImageObject\",\"inLanguage\":\"fr-FR\",\"@id\":\"https:\/\/www.mafuturemaison.fr\/dossier\/#\/schema\/person\/image\/\",\"url\":\"https:\/\/secure.gravatar.com\/avatar\/ec243a4040373b27c6399de0bb4b792b?s=96&d=mm&r=g\",\"contentUrl\":\"https:\/\/secure.gravatar.com\/avatar\/ec243a4040373b27c6399de0bb4b792b?s=96&d=mm&r=g\",\"caption\":\"Cl\u00e9ment\"},\"url\":\"https:\/\/www.mafuturemaison.fr\/dossier\/author\/admin\/\"}]}<\/script>\n<!-- \/ Yoast SEO plugin. -->","yoast_head_json":{"title":"RT 2012 et performance \u00e9nerg\u00e9tique : l\u2019Union des Maisons Fran\u00e7aises propose un mode de calcul fixe - Ma Future Maison","robots":{"index":"index","follow":"follow","max-snippet":"max-snippet:-1","max-image-preview":"max-image-preview:large","max-video-preview":"max-video-preview:-1"},"canonical":"https:\/\/www.mafuturemaison.fr\/dossier\/energie\/rt-2012-et-performance-energetique-lunion-des-maisons-francaises-propose-un-mode-de-calcul-fixe\/","og_locale":"fr_FR","og_type":"article","og_title":"RT 2012 et performance \u00e9nerg\u00e9tique : l\u2019Union des Maisons Fran\u00e7aises propose un mode de calcul fixe - Ma Future Maison","og_description":"L\u2019Union des Maisons Fran\u00e7aises (UMF) s\u2019est adress\u00e9e il y a quelques jours au Premier Ministre pour lui exposer les probl\u00e8mes induits par la mise en \u0153uvre de la r\u00e9glementation thermique 2012\u00a0(RT 2012) en mati\u00e8re de calcul de performance \u00e9nerg\u00e9tique dans le secteur des maisons individuelles. En effet, si la r\u00e9glementation a connu des avanc\u00e9es rapides &hellip;","og_url":"https:\/\/www.mafuturemaison.fr\/dossier\/energie\/rt-2012-et-performance-energetique-lunion-des-maisons-francaises-propose-un-mode-de-calcul-fixe\/","og_site_name":"Ma Future Maison","article_publisher":"https:\/\/www.facebook.com\/MaFutureMaison\/","article_published_time":"2012-03-30T14:08:17+00:00","article_modified_time":"2015-08-12T07:36:16+00:00","og_image":[{"width":226,"height":109,"url":"https:\/\/www.mafuturemaison.fr\/dossier\/wp-content\/uploads\/2012\/03\/umf.png","type":"image\/png"}],"author":"Cl\u00e9ment","twitter_card":"summary_large_image","twitter_misc":{"\u00c9crit par":"Cl\u00e9ment","Dur\u00e9e de lecture estim\u00e9e":"2 minutes"},"schema":{"@context":"https:\/\/schema.org","@graph":[{"@type":"WebPage","@id":"https:\/\/www.mafuturemaison.fr\/dossier\/energie\/rt-2012-et-performance-energetique-lunion-des-maisons-francaises-propose-un-mode-de-calcul-fixe\/","url":"https:\/\/www.mafuturemaison.fr\/dossier\/energie\/rt-2012-et-performance-energetique-lunion-des-maisons-francaises-propose-un-mode-de-calcul-fixe\/","name":"RT 2012 et performance \u00e9nerg\u00e9tique : l\u2019Union des Maisons Fran\u00e7aises propose un mode de calcul fixe - Ma Future Maison","isPartOf":{"@id":"https:\/\/www.mafuturemaison.fr\/dossier\/#website"},"primaryImageOfPage":{"@id":"https:\/\/www.mafuturemaison.fr\/dossier\/energie\/rt-2012-et-performance-energetique-lunion-des-maisons-francaises-propose-un-mode-de-calcul-fixe\/#primaryimage"},"image":{"@id":"https:\/\/www.mafuturemaison.fr\/dossier\/energie\/rt-2012-et-performance-energetique-lunion-des-maisons-francaises-propose-un-mode-de-calcul-fixe\/#primaryimage"},"thumbnailUrl":"https:\/\/www.mafuturemaison.fr\/dossier\/wp-content\/uploads\/2012\/03\/umf.png","datePublished":"2012-03-30T14:08:17+00:00","dateModified":"2015-08-12T07:36:16+00:00","author":{"@id":"https:\/\/www.mafuturemaison.fr\/dossier\/#\/schema\/person\/f994f1f3783d6073b7eb98c4ff13e131"},"breadcrumb":{"@id":"https:\/\/www.mafuturemaison.fr\/dossier\/energie\/rt-2012-et-performance-energetique-lunion-des-maisons-francaises-propose-un-mode-de-calcul-fixe\/#breadcrumb"},"inLanguage":"fr-FR","potentialAction":[{"@type":"ReadAction","target":["https:\/\/www.mafuturemaison.fr\/dossier\/energie\/rt-2012-et-performance-energetique-lunion-des-maisons-francaises-propose-un-mode-de-calcul-fixe\/"]}]},{"@type":"ImageObject","inLanguage":"fr-FR","@id":"https:\/\/www.mafuturemaison.fr\/dossier\/energie\/rt-2012-et-performance-energetique-lunion-des-maisons-francaises-propose-un-mode-de-calcul-fixe\/#primaryimage","url":"https:\/\/www.mafuturemaison.fr\/dossier\/wp-content\/uploads\/2012\/03\/umf.png","contentUrl":"https:\/\/www.mafuturemaison.fr\/dossier\/wp-content\/uploads\/2012\/03\/umf.png","width":226,"height":109},{"@type":"BreadcrumbList","@id":"https:\/\/www.mafuturemaison.fr\/dossier\/energie\/rt-2012-et-performance-energetique-lunion-des-maisons-francaises-propose-un-mode-de-calcul-fixe\/#breadcrumb","itemListElement":[{"@type":"ListItem","position":1,"name":"Accueil","item":"https:\/\/www.mafuturemaison.fr\/dossier\/"},{"@type":"ListItem","position":2,"name":"RT 2012 et performance \u00e9nerg\u00e9tique : l\u2019Union des Maisons Fran\u00e7aises propose un mode de calcul fixe"}]},{"@type":"WebSite","@id":"https:\/\/www.mafuturemaison.fr\/dossier\/#website","url":"https:\/\/www.mafuturemaison.fr\/dossier\/","name":"Ma Future Maison","description":"Conseils et annonces pour faire construire sa maison","potentialAction":[{"@type":"SearchAction","target":{"@type":"EntryPoint","urlTemplate":"https:\/\/www.mafuturemaison.fr\/dossier\/?s={search_term_string}"},"query-input":{"@type":"PropertyValueSpecification","valueRequired":true,"valueName":"search_term_string"}}],"inLanguage":"fr-FR"},{"@type":"Person","@id":"https:\/\/www.mafuturemaison.fr\/dossier\/#\/schema\/person\/f994f1f3783d6073b7eb98c4ff13e131","name":"Cl\u00e9ment","image":{"@type":"ImageObject","inLanguage":"fr-FR","@id":"https:\/\/www.mafuturemaison.fr\/dossier\/#\/schema\/person\/image\/","url":"https:\/\/secure.gravatar.com\/avatar\/ec243a4040373b27c6399de0bb4b792b?s=96&d=mm&r=g","contentUrl":"https:\/\/secure.gravatar.com\/avatar\/ec243a4040373b27c6399de0bb4b792b?s=96&d=mm&r=g","caption":"Cl\u00e9ment"},"url":"https:\/\/www.mafuturemaison.fr\/dossier\/author\/admin\/"}]}},"_links":{"self":[{"href":"https:\/\/www.mafuturemaison.fr\/dossier\/wp-json\/wp\/v2\/posts\/1151","targetHints":{"allow":["GET"]}}],"collection":[{"href":"https:\/\/www.mafuturemaison.fr\/dossier\/wp-json\/wp\/v2\/posts"}],"about":[{"href":"https:\/\/www.mafuturemaison.fr\/dossier\/wp-json\/wp\/v2\/types\/post"}],"author":[{"embeddable":true,"href":"https:\/\/www.mafuturemaison.fr\/dossier\/wp-json\/wp\/v2\/users\/1"}],"replies":[{"embeddable":true,"href":"https:\/\/www.mafuturemaison.fr\/dossier\/wp-json\/wp\/v2\/comments?post=1151"}],"version-history":[{"count":5,"href":"https:\/\/www.mafuturemaison.fr\/dossier\/wp-json\/wp\/v2\/posts\/1151\/revisions"}],"predecessor-version":[{"id":4442,"href":"https:\/\/www.mafuturemaison.fr\/dossier\/wp-json\/wp\/v2\/posts\/1151\/revisions\/4442"}],"wp:featuredmedia":[{"embeddable":true,"href":"https:\/\/www.mafuturemaison.fr\/dossier\/wp-json\/wp\/v2\/media\/4630"}],"wp:attachment":[{"href":"https:\/\/www.mafuturemaison.fr\/dossier\/wp-json\/wp\/v2\/media?parent=1151"}],"wp:term":[{"taxonomy":"category","embeddable":true,"href":"https:\/\/www.mafuturemaison.fr\/dossier\/wp-json\/wp\/v2\/categories?post=1151"},{"taxonomy":"post_tag","embeddable":true,"href":"https:\/\/www.mafuturemaison.fr\/dossier\/wp-json\/wp\/v2\/tags?post=1151"}],"curies":[{"name":"wp","href":"https:\/\/api.w.org\/{rel}","templated":true}]}}