{"id":11518,"date":"2021-06-09T14:43:02","date_gmt":"2021-06-09T12:43:02","guid":{"rendered":"https:\/\/www.mafuturemaison.fr\/dossier\/?p=11518"},"modified":"2021-06-09T14:43:43","modified_gmt":"2021-06-09T12:43:43","slug":"limportance-de-la-ventilation-avec-la-re-2020","status":"publish","type":"post","link":"https:\/\/www.mafuturemaison.fr\/dossier\/construire\/limportance-de-la-ventilation-avec-la-re-2020\/","title":{"rendered":"L&rsquo;importance de la ventilation avec la RE 2020"},"content":{"rendered":"<p><strong><img loading=\"lazy\" decoding=\"async\" class=\"alignright size-full wp-image-10225\" src=\"https:\/\/www.mafuturemaison.fr\/dossier\/wp-content\/uploads\/2019\/12\/re2020-logo-e1577446441565.jpeg\" alt=\"Re 2020\" width=\"219\" height=\"173\" \/>Avec quelques mois de retard, la RE 2020 va prendre doucement cet \u00e9t\u00e9 la place de la RT 2012. Jusqu&rsquo;\u00e0 ce jour, la RT 2012 \u00e9tait centr\u00e9e sur les \u00e9conomies d&rsquo;\u00e9nergie, peu importe les moyens mis en \u0153uvre. Aujourd&rsquo;hui, la RE 2020 va plus loin\u00a0en ce qui concerne l&rsquo;\u00e9cologie et surtout la sant\u00e9 humaine. Si on connaissait d\u00e9j\u00e0 l&rsquo;impact d&rsquo;une mauvaise qualit\u00e9 de l&rsquo;air int\u00e9rieur sur notre sant\u00e9, la nouvelle r\u00e9glementation place au c\u0153ur de ses pr\u00e9occupations la bonne ventilation dans nos logements.<\/strong><\/p>\n<h2>Les cons\u00e9quences d&rsquo;une mauvaise ventilation<\/h2>\n<p><strong>Le but de l&rsquo;isolation est d&#8217;emp\u00eacher toute d\u00e9perdition thermique afin de limiter les consommations \u00e9nerg\u00e9tiques.<\/strong> Cela implique de ne laisser aucun filet d&rsquo;air passer.<\/p>\n<p><a href=\"https:\/\/www.mafuturemaison.fr\/dossier\/construire\/lisolation-de-votre-maison-en-questions\/attachment\/isolation-maison\/\" rel=\"attachment wp-att-3194\"><img loading=\"lazy\" decoding=\"async\" class=\"aligncenter size-full wp-image-3194\" src=\"https:\/\/www.mafuturemaison.fr\/dossier\/wp-content\/uploads\/2014\/08\/isolation-maison.jpg\" alt=\"isolation de la maison\" width=\"385\" height=\"240\" srcset=\"https:\/\/www.mafuturemaison.fr\/dossier\/wp-content\/uploads\/2014\/08\/isolation-maison.jpg 385w, https:\/\/www.mafuturemaison.fr\/dossier\/wp-content\/uploads\/2014\/08\/isolation-maison-150x93.jpg 150w, https:\/\/www.mafuturemaison.fr\/dossier\/wp-content\/uploads\/2014\/08\/isolation-maison-300x187.jpg 300w\" sizes=\"auto, (max-width: 385px) 100vw, 385px\" \/><\/a><\/p>\n<p>&nbsp;<\/p>\n<p>Or, <strong>la ventilation, c&rsquo;est \u00e0 dire la sortie de l&rsquo;air vici\u00e9 et l&rsquo;entr\u00e9e d&rsquo;air neuf, est primordiale \u00e0 la fois pour la sant\u00e9 mais aussi pour la p\u00e9rennit\u00e9 du b\u00e2timent.<\/strong> Un logement mal ventil\u00e9 garde l&rsquo;humidit\u00e9 ce qui provoque des moisissures qui, a long terme peuvent faire \u00e9crouler les murs. En plus de cela, la prolif\u00e9ration de moisissure aura des cons\u00e9quences sur votre sant\u00e9, provoquant notamment des maladies respiratoires.<\/p>\n<p><strong>C&rsquo;est pourquoi il est indispensable de pr\u00e9voir un syst\u00e8me de ventilation performant.<\/strong><\/p>\n<h2>Anticiper le syst\u00e8me de ventilation d\u00e8s la conception<\/h2>\n<p><img loading=\"lazy\" decoding=\"async\" class=\"  wp-image-11519 alignleft\" src=\"https:\/\/www.mafuturemaison.fr\/dossier\/wp-content\/uploads\/2021\/06\/ventilation.jpg\" alt=\"ventilation\" width=\"266\" height=\"218\" \/>Le meilleur moyen d&rsquo;\u00eatre s\u00fbr de penser au syst\u00e8me de ventilation est d&rsquo;anticiper sa pr\u00e9sence. Pour cela,<strong> la <a title=\"RE 2020, le choix de l\u2019\u00e9nergie positive\" href=\"https:\/\/www.mafuturemaison.fr\/dossier\/construire\/re-2020-le-choix-de-lenergie-positive\/\" target=\"_blank\">RE 2020<\/a> demande \u00e0 ce que la ventilation soit int\u00e9gr\u00e9e d\u00e8s l&rsquo;\u00e9tape de conception de la maison pour s&rsquo;assurer de son dimensionnement et de sa performance en fonction de l&rsquo;isolation choisie<\/strong>.<\/p>\n<p><span style=\"font-weight: 400;\">Il faut savoir que la mauvaise <a title=\"Qualit\u00e9 de l\u2019air int\u00e9rieur: une maison saine et respirable\" href=\"https:\/\/www.mafuturemaison.fr\/dossier\/construire\/qualite-de-lair-interieur-une-maison-saine-et-respirable\/\" target=\"_blank\">qualit\u00e9 de l&rsquo;air int\u00e9rieur<\/a> est en majorit\u00e9 due \u00e0 une mauvaise installation du syst\u00e8me de ventilation. <strong>Pour limiter les mauvais r\u00e9glages<\/strong>, notamment un mauvais d\u00e9bit d&rsquo;\u00e9vacuation de l&rsquo;air vici\u00e9, la <a title=\"RE 2020\" href=\"https:\/\/www.ecologie.gouv.fr\/reglementation-environnementale-re2020\" target=\"_blank\">RE 2020<\/a> pr\u00e9voit \u00e0 la fois <strong>un contr\u00f4le visuel mais \u00e9galement des mesures de d\u00e9bits au moment de la livraison de la construction<\/strong>.<\/span><\/p>\n<h2>Utiliser des mat\u00e9riaux non polluants<\/h2>\n<p>La mise en \u0153uvre d&rsquo;une ventilation performante est essentielle mais ce n&rsquo;est pas le seul moyen pour s&rsquo;assurer que la qualit\u00e9 de l&rsquo;air int\u00e9rieur sera optimale.<\/p>\n<p><img loading=\"lazy\" decoding=\"async\" class=\"alignright size-medium wp-image-8902\" src=\"https:\/\/www.mafuturemaison.fr\/dossier\/wp-content\/uploads\/2019\/01\/logo-label-produit-biosource-300x129.png\" alt=\"ventilation\" width=\"300\" height=\"129\" srcset=\"https:\/\/www.mafuturemaison.fr\/dossier\/wp-content\/uploads\/2019\/01\/logo-label-produit-biosource-300x129.png 300w, https:\/\/www.mafuturemaison.fr\/dossier\/wp-content\/uploads\/2019\/01\/logo-label-produit-biosource.png 442w\" sizes=\"auto, (max-width: 300px) 100vw, 300px\" \/>Le <strong>choix des mat\u00e9riaux<\/strong> a aussi toute son importance, car ils peuvent lib\u00e9rer des COV. La RT 2012 demandait des r\u00e9sultats concernant l&rsquo;isolation et donc le choix des mat\u00e9riaux n&rsquo;\u00e9taient pas impos\u00e9s. La nouvelle r\u00e9glementation RE2020 tient compte du choix des mat\u00e9riaux et favorise les <strong>mat\u00e9riaux biosourc\u00e9s<\/strong>, r\u00e9put\u00e9s <strong>moins polluants et donc plus sains pour nos int\u00e9rieurs<\/strong>.<\/p>\n<p>&nbsp;<\/p>\n","protected":false},"excerpt":{"rendered":"<p>Avec quelques mois de retard, la RE 2020 va prendre doucement cet \u00e9t\u00e9 la place de la RT 2012. Jusqu&rsquo;\u00e0 ce jour, la RT 2012 \u00e9tait centr\u00e9e sur les \u00e9conomies d&rsquo;\u00e9nergie, peu importe les moyens mis en \u0153uvre. Aujourd&rsquo;hui, la RE 2020 va plus loin\u00a0en ce qui concerne l&rsquo;\u00e9cologie et surtout la sant\u00e9 humaine. Si &hellip;<\/p>\n","protected":false},"author":1,"featured_media":11519,"comment_status":"closed","ping_status":"open","sticky":false,"template":"","format":"standard","meta":{"footnotes":""},"categories":[5,7,2,3,11,14,9],"tags":[32,847,769,70],"class_list":["post-11518","post","type-post","status-publish","format-standard","has-post-thumbnail","hentry","category-actualites","category-conseils-pour-faire-construire","category-construire","category-energie","category-maison-ecologique","category-reglementations","category-techniques-et-materiaux","tag-isolation","tag-materiaux-biosources","tag-re-2020","tag-rt-2012"],"yoast_head":"<!-- This site is optimized with the Yoast SEO plugin v25.8 - https:\/\/yoast.com\/wordpress\/plugins\/seo\/ -->\n<title>L&#039;importance de la ventilation avec la RE 2020 - Ma Future Maison<\/title>\n<meta name=\"description\" content=\"La nouvelle r\u00e9glementation thermique RE 2020 exige une\u00a0ventilation performante dans les\u00a0des maisons neuves. D\u00e9tails et epxlications.\" \/>\n<meta name=\"robots\" content=\"index, follow, max-snippet:-1, max-image-preview:large, max-video-preview:-1\" \/>\n<link rel=\"canonical\" href=\"https:\/\/www.mafuturemaison.fr\/dossier\/construire\/limportance-de-la-ventilation-avec-la-re-2020\/\" \/>\n<meta property=\"og:locale\" content=\"fr_FR\" \/>\n<meta property=\"og:type\" content=\"article\" \/>\n<meta property=\"og:title\" content=\"L&#039;importance de la ventilation avec la RE 2020 - Ma Future Maison\" \/>\n<meta property=\"og:description\" content=\"La nouvelle r\u00e9glementation thermique RE 2020 exige une\u00a0ventilation performante dans les\u00a0des maisons neuves. D\u00e9tails et epxlications.\" \/>\n<meta property=\"og:url\" content=\"https:\/\/www.mafuturemaison.fr\/dossier\/construire\/limportance-de-la-ventilation-avec-la-re-2020\/\" \/>\n<meta property=\"og:site_name\" content=\"Ma Future Maison\" \/>\n<meta property=\"article:publisher\" content=\"https:\/\/www.facebook.com\/MaFutureMaison\/\" \/>\n<meta property=\"article:published_time\" content=\"2021-06-09T12:43:02+00:00\" \/>\n<meta property=\"article:modified_time\" content=\"2021-06-09T12:43:43+00:00\" \/>\n<meta property=\"og:image\" content=\"https:\/\/www.mafuturemaison.fr\/dossier\/wp-content\/uploads\/2021\/06\/ventilation.jpg\" \/>\n\t<meta property=\"og:image:width\" content=\"248\" \/>\n\t<meta property=\"og:image:height\" content=\"203\" \/>\n\t<meta property=\"og:image:type\" content=\"image\/jpeg\" \/>\n<meta name=\"author\" content=\"Cl\u00e9ment\" \/>\n<meta name=\"twitter:card\" content=\"summary_large_image\" \/>\n<meta name=\"twitter:label1\" content=\"\u00c9crit par\" \/>\n\t<meta name=\"twitter:data1\" content=\"Cl\u00e9ment\" \/>\n\t<meta name=\"twitter:label2\" content=\"Dur\u00e9e de lecture estim\u00e9e\" \/>\n\t<meta name=\"twitter:data2\" content=\"2 minutes\" \/>\n<script type=\"application\/ld+json\" class=\"yoast-schema-graph\">{\"@context\":\"https:\/\/schema.org\",\"@graph\":[{\"@type\":\"WebPage\",\"@id\":\"https:\/\/www.mafuturemaison.fr\/dossier\/construire\/limportance-de-la-ventilation-avec-la-re-2020\/\",\"url\":\"https:\/\/www.mafuturemaison.fr\/dossier\/construire\/limportance-de-la-ventilation-avec-la-re-2020\/\",\"name\":\"L'importance de la ventilation avec la RE 2020 - Ma Future Maison\",\"isPartOf\":{\"@id\":\"https:\/\/www.mafuturemaison.fr\/dossier\/#website\"},\"primaryImageOfPage\":{\"@id\":\"https:\/\/www.mafuturemaison.fr\/dossier\/construire\/limportance-de-la-ventilation-avec-la-re-2020\/#primaryimage\"},\"image\":{\"@id\":\"https:\/\/www.mafuturemaison.fr\/dossier\/construire\/limportance-de-la-ventilation-avec-la-re-2020\/#primaryimage\"},\"thumbnailUrl\":\"https:\/\/www.mafuturemaison.fr\/dossier\/wp-content\/uploads\/2021\/06\/ventilation.jpg\",\"datePublished\":\"2021-06-09T12:43:02+00:00\",\"dateModified\":\"2021-06-09T12:43:43+00:00\",\"author\":{\"@id\":\"https:\/\/www.mafuturemaison.fr\/dossier\/#\/schema\/person\/f994f1f3783d6073b7eb98c4ff13e131\"},\"description\":\"La nouvelle r\u00e9glementation thermique RE 2020 exige une\u00a0ventilation performante dans les\u00a0des maisons neuves. D\u00e9tails et epxlications.\",\"breadcrumb\":{\"@id\":\"https:\/\/www.mafuturemaison.fr\/dossier\/construire\/limportance-de-la-ventilation-avec-la-re-2020\/#breadcrumb\"},\"inLanguage\":\"fr-FR\",\"potentialAction\":[{\"@type\":\"ReadAction\",\"target\":[\"https:\/\/www.mafuturemaison.fr\/dossier\/construire\/limportance-de-la-ventilation-avec-la-re-2020\/\"]}]},{\"@type\":\"ImageObject\",\"inLanguage\":\"fr-FR\",\"@id\":\"https:\/\/www.mafuturemaison.fr\/dossier\/construire\/limportance-de-la-ventilation-avec-la-re-2020\/#primaryimage\",\"url\":\"https:\/\/www.mafuturemaison.fr\/dossier\/wp-content\/uploads\/2021\/06\/ventilation.jpg\",\"contentUrl\":\"https:\/\/www.mafuturemaison.fr\/dossier\/wp-content\/uploads\/2021\/06\/ventilation.jpg\",\"width\":248,\"height\":203},{\"@type\":\"BreadcrumbList\",\"@id\":\"https:\/\/www.mafuturemaison.fr\/dossier\/construire\/limportance-de-la-ventilation-avec-la-re-2020\/#breadcrumb\",\"itemListElement\":[{\"@type\":\"ListItem\",\"position\":1,\"name\":\"Accueil\",\"item\":\"https:\/\/www.mafuturemaison.fr\/dossier\/\"},{\"@type\":\"ListItem\",\"position\":2,\"name\":\"L&rsquo;importance de la ventilation avec la RE 2020\"}]},{\"@type\":\"WebSite\",\"@id\":\"https:\/\/www.mafuturemaison.fr\/dossier\/#website\",\"url\":\"https:\/\/www.mafuturemaison.fr\/dossier\/\",\"name\":\"Ma Future Maison\",\"description\":\"Conseils et annonces pour faire construire sa maison\",\"potentialAction\":[{\"@type\":\"SearchAction\",\"target\":{\"@type\":\"EntryPoint\",\"urlTemplate\":\"https:\/\/www.mafuturemaison.fr\/dossier\/?s={search_term_string}\"},\"query-input\":{\"@type\":\"PropertyValueSpecification\",\"valueRequired\":true,\"valueName\":\"search_term_string\"}}],\"inLanguage\":\"fr-FR\"},{\"@type\":\"Person\",\"@id\":\"https:\/\/www.mafuturemaison.fr\/dossier\/#\/schema\/person\/f994f1f3783d6073b7eb98c4ff13e131\",\"name\":\"Cl\u00e9ment\",\"image\":{\"@type\":\"ImageObject\",\"inLanguage\":\"fr-FR\",\"@id\":\"https:\/\/www.mafuturemaison.fr\/dossier\/#\/schema\/person\/image\/\",\"url\":\"https:\/\/secure.gravatar.com\/avatar\/ec243a4040373b27c6399de0bb4b792b?s=96&d=mm&r=g\",\"contentUrl\":\"https:\/\/secure.gravatar.com\/avatar\/ec243a4040373b27c6399de0bb4b792b?s=96&d=mm&r=g\",\"caption\":\"Cl\u00e9ment\"},\"url\":\"https:\/\/www.mafuturemaison.fr\/dossier\/author\/admin\/\"}]}<\/script>\n<!-- \/ Yoast SEO plugin. -->","yoast_head_json":{"title":"L'importance de la ventilation avec la RE 2020 - Ma Future Maison","description":"La nouvelle r\u00e9glementation thermique RE 2020 exige une\u00a0ventilation performante dans les\u00a0des maisons neuves. D\u00e9tails et epxlications.","robots":{"index":"index","follow":"follow","max-snippet":"max-snippet:-1","max-image-preview":"max-image-preview:large","max-video-preview":"max-video-preview:-1"},"canonical":"https:\/\/www.mafuturemaison.fr\/dossier\/construire\/limportance-de-la-ventilation-avec-la-re-2020\/","og_locale":"fr_FR","og_type":"article","og_title":"L'importance de la ventilation avec la RE 2020 - Ma Future Maison","og_description":"La nouvelle r\u00e9glementation thermique RE 2020 exige une\u00a0ventilation performante dans les\u00a0des maisons neuves. D\u00e9tails et epxlications.","og_url":"https:\/\/www.mafuturemaison.fr\/dossier\/construire\/limportance-de-la-ventilation-avec-la-re-2020\/","og_site_name":"Ma Future Maison","article_publisher":"https:\/\/www.facebook.com\/MaFutureMaison\/","article_published_time":"2021-06-09T12:43:02+00:00","article_modified_time":"2021-06-09T12:43:43+00:00","og_image":[{"width":248,"height":203,"url":"https:\/\/www.mafuturemaison.fr\/dossier\/wp-content\/uploads\/2021\/06\/ventilation.jpg","type":"image\/jpeg"}],"author":"Cl\u00e9ment","twitter_card":"summary_large_image","twitter_misc":{"\u00c9crit par":"Cl\u00e9ment","Dur\u00e9e de lecture estim\u00e9e":"2 minutes"},"schema":{"@context":"https:\/\/schema.org","@graph":[{"@type":"WebPage","@id":"https:\/\/www.mafuturemaison.fr\/dossier\/construire\/limportance-de-la-ventilation-avec-la-re-2020\/","url":"https:\/\/www.mafuturemaison.fr\/dossier\/construire\/limportance-de-la-ventilation-avec-la-re-2020\/","name":"L'importance de la ventilation avec la RE 2020 - Ma Future Maison","isPartOf":{"@id":"https:\/\/www.mafuturemaison.fr\/dossier\/#website"},"primaryImageOfPage":{"@id":"https:\/\/www.mafuturemaison.fr\/dossier\/construire\/limportance-de-la-ventilation-avec-la-re-2020\/#primaryimage"},"image":{"@id":"https:\/\/www.mafuturemaison.fr\/dossier\/construire\/limportance-de-la-ventilation-avec-la-re-2020\/#primaryimage"},"thumbnailUrl":"https:\/\/www.mafuturemaison.fr\/dossier\/wp-content\/uploads\/2021\/06\/ventilation.jpg","datePublished":"2021-06-09T12:43:02+00:00","dateModified":"2021-06-09T12:43:43+00:00","author":{"@id":"https:\/\/www.mafuturemaison.fr\/dossier\/#\/schema\/person\/f994f1f3783d6073b7eb98c4ff13e131"},"description":"La nouvelle r\u00e9glementation thermique RE 2020 exige une\u00a0ventilation performante dans les\u00a0des maisons neuves. D\u00e9tails et epxlications.","breadcrumb":{"@id":"https:\/\/www.mafuturemaison.fr\/dossier\/construire\/limportance-de-la-ventilation-avec-la-re-2020\/#breadcrumb"},"inLanguage":"fr-FR","potentialAction":[{"@type":"ReadAction","target":["https:\/\/www.mafuturemaison.fr\/dossier\/construire\/limportance-de-la-ventilation-avec-la-re-2020\/"]}]},{"@type":"ImageObject","inLanguage":"fr-FR","@id":"https:\/\/www.mafuturemaison.fr\/dossier\/construire\/limportance-de-la-ventilation-avec-la-re-2020\/#primaryimage","url":"https:\/\/www.mafuturemaison.fr\/dossier\/wp-content\/uploads\/2021\/06\/ventilation.jpg","contentUrl":"https:\/\/www.mafuturemaison.fr\/dossier\/wp-content\/uploads\/2021\/06\/ventilation.jpg","width":248,"height":203},{"@type":"BreadcrumbList","@id":"https:\/\/www.mafuturemaison.fr\/dossier\/construire\/limportance-de-la-ventilation-avec-la-re-2020\/#breadcrumb","itemListElement":[{"@type":"ListItem","position":1,"name":"Accueil","item":"https:\/\/www.mafuturemaison.fr\/dossier\/"},{"@type":"ListItem","position":2,"name":"L&rsquo;importance de la ventilation avec la RE 2020"}]},{"@type":"WebSite","@id":"https:\/\/www.mafuturemaison.fr\/dossier\/#website","url":"https:\/\/www.mafuturemaison.fr\/dossier\/","name":"Ma Future Maison","description":"Conseils et annonces pour faire construire sa maison","potentialAction":[{"@type":"SearchAction","target":{"@type":"EntryPoint","urlTemplate":"https:\/\/www.mafuturemaison.fr\/dossier\/?s={search_term_string}"},"query-input":{"@type":"PropertyValueSpecification","valueRequired":true,"valueName":"search_term_string"}}],"inLanguage":"fr-FR"},{"@type":"Person","@id":"https:\/\/www.mafuturemaison.fr\/dossier\/#\/schema\/person\/f994f1f3783d6073b7eb98c4ff13e131","name":"Cl\u00e9ment","image":{"@type":"ImageObject","inLanguage":"fr-FR","@id":"https:\/\/www.mafuturemaison.fr\/dossier\/#\/schema\/person\/image\/","url":"https:\/\/secure.gravatar.com\/avatar\/ec243a4040373b27c6399de0bb4b792b?s=96&d=mm&r=g","contentUrl":"https:\/\/secure.gravatar.com\/avatar\/ec243a4040373b27c6399de0bb4b792b?s=96&d=mm&r=g","caption":"Cl\u00e9ment"},"url":"https:\/\/www.mafuturemaison.fr\/dossier\/author\/admin\/"}]}},"_links":{"self":[{"href":"https:\/\/www.mafuturemaison.fr\/dossier\/wp-json\/wp\/v2\/posts\/11518","targetHints":{"allow":["GET"]}}],"collection":[{"href":"https:\/\/www.mafuturemaison.fr\/dossier\/wp-json\/wp\/v2\/posts"}],"about":[{"href":"https:\/\/www.mafuturemaison.fr\/dossier\/wp-json\/wp\/v2\/types\/post"}],"author":[{"embeddable":true,"href":"https:\/\/www.mafuturemaison.fr\/dossier\/wp-json\/wp\/v2\/users\/1"}],"replies":[{"embeddable":true,"href":"https:\/\/www.mafuturemaison.fr\/dossier\/wp-json\/wp\/v2\/comments?post=11518"}],"version-history":[{"count":3,"href":"https:\/\/www.mafuturemaison.fr\/dossier\/wp-json\/wp\/v2\/posts\/11518\/revisions"}],"predecessor-version":[{"id":11522,"href":"https:\/\/www.mafuturemaison.fr\/dossier\/wp-json\/wp\/v2\/posts\/11518\/revisions\/11522"}],"wp:featuredmedia":[{"embeddable":true,"href":"https:\/\/www.mafuturemaison.fr\/dossier\/wp-json\/wp\/v2\/media\/11519"}],"wp:attachment":[{"href":"https:\/\/www.mafuturemaison.fr\/dossier\/wp-json\/wp\/v2\/media?parent=11518"}],"wp:term":[{"taxonomy":"category","embeddable":true,"href":"https:\/\/www.mafuturemaison.fr\/dossier\/wp-json\/wp\/v2\/categories?post=11518"},{"taxonomy":"post_tag","embeddable":true,"href":"https:\/\/www.mafuturemaison.fr\/dossier\/wp-json\/wp\/v2\/tags?post=11518"}],"curies":[{"name":"wp","href":"https:\/\/api.w.org\/{rel}","templated":true}]}}