{"id":11741,"date":"2021-10-21T12:25:36","date_gmt":"2021-10-21T10:25:36","guid":{"rendered":"https:\/\/www.mafuturemaison.fr\/dossier\/?p=11741"},"modified":"2022-03-03T11:38:56","modified_gmt":"2022-03-03T10:38:56","slug":"veranda-moderne-un-espace-lumineux-toute-lannee","status":"publish","type":"post","link":"https:\/\/www.mafuturemaison.fr\/dossier\/construire\/veranda-moderne-un-espace-lumineux-toute-lannee\/","title":{"rendered":"V\u00e9randa moderne, un espace lumineux toute l&rsquo;ann\u00e9e"},"content":{"rendered":"<p><strong>De plus en plus de futurs acqu\u00e9reurs d&rsquo;une maison neuve envisagent l&rsquo;int\u00e9gration d&rsquo;une v\u00e9randa d\u00e8s le projet de construction. En accord total avec les diff\u00e9rentes normes et r\u00e9glementations thermiques, la v\u00e9randa moderne offre une grande luminosit\u00e9 \u00e0 votre int\u00e9rieur. De quoi en profiter en toutes saisons.<\/strong><\/p>\n<p><img loading=\"lazy\" decoding=\"async\" class=\"aligncenter wp-image-12027 size-full\" src=\"https:\/\/www.mafuturemaison.fr\/dossier\/wp-content\/uploads\/2022\/03\/verandaMEO.jpg\" alt=\"v\u00e9randa MEO\" width=\"750\" height=\"369\" srcset=\"https:\/\/www.mafuturemaison.fr\/dossier\/wp-content\/uploads\/2022\/03\/verandaMEO.jpg 750w, https:\/\/www.mafuturemaison.fr\/dossier\/wp-content\/uploads\/2022\/03\/verandaMEO-300x148.jpg 300w\" sizes=\"auto, (max-width: 750px) 100vw, 750px\" \/><\/p>\n<h2>Anticiper l&rsquo;int\u00e9gration de la v\u00e9randa \u00e0 votre maison<\/h2>\n<p>Int\u00e9grer une v\u00e9randa \u00e0 votre projet de construction de maison neuve est quelque chose qui s&rsquo;anticipe.<\/p>\n<h3>Bien calculer l&#8217;emprise au sol de la v\u00e9randa<\/h3>\n<p>Ainsi, <strong>l&#8217;emprise au sol de\u00a0votre v\u00e9randa devra \u00eatre bien \u00e9tudi\u00e9e<\/strong> car elle pourra engendrer des d\u00e9marches suppl\u00e9mentaires.<\/p>\n<p>En effet, au del\u00e0 de la construction en tant que telle, si la surface au sol de votre maison d\u00e9passe les 150m\u00b2, il est obligatoire de faire appel \u00e0 un architecte. De quoi rallonger les d\u00e9lais mais aussi les co\u00fbts de construction. <strong>Il est donc pr\u00e9f\u00e9rable de pr\u00e9voir la superficie\u00a0de la maison et de la v\u00e9randa.\u00a0<\/strong><\/p>\n<h3>Quels mat\u00e9riaux pour une v\u00e9randa ?<\/h3>\n<p>Concernant les mat\u00e9riaux choisis, <strong>la v\u00e9randa peut \u00eatre en bois, aluminium, PVC et m\u00eame en m\u00e9tal, ce dernier \u00e9tant plus faible en termes de performances isolantes.<\/strong> De quoi s&rsquo;adapter \u00e0 toutes vos envies et au style de votre maison, afin de rendre votre <strong>projet harmonieux<\/strong>.<\/p>\n<p><img loading=\"lazy\" decoding=\"async\" class=\"aligncenter size-full wp-image-12023\" src=\"https:\/\/www.mafuturemaison.fr\/dossier\/wp-content\/uploads\/2022\/03\/veranda-acier-alu.jpg\" alt=\"v\u00e9randa-acier-alu\" width=\"750\" height=\"465\" srcset=\"https:\/\/www.mafuturemaison.fr\/dossier\/wp-content\/uploads\/2022\/03\/veranda-acier-alu.jpg 750w, https:\/\/www.mafuturemaison.fr\/dossier\/wp-content\/uploads\/2022\/03\/veranda-acier-alu-300x186.jpg 300w\" sizes=\"auto, (max-width: 750px) 100vw, 750px\" \/><\/p>\n<p><span style=\"font-weight: 400;\">Toutefois, <strong>si la maison et la v\u00e9randa n&rsquo;ont pas forc\u00e9ment le m\u00eame mat\u00e9riau de construction<\/strong>, il est fortement conseill\u00e9 d&rsquo;utiliser les m\u00eames mat\u00e9riaux en ce qui concerne les <strong>mat\u00e9riaux d&rsquo;isolation<\/strong>, pour s&rsquo;assurer d&rsquo;une performance similaire et limiter les d\u00e9perditions thermiques.\u00a0<\/span><\/p>\n<h3>Un chauffage au sol pour une v\u00e9randa moderne<\/h3>\n<p><span style=\"font-weight: 400;\">Si votre choix se porte vers un <strong>chauffage au sol<\/strong>, la v\u00e9randa pourra tout autant en b\u00e9n\u00e9ficier pour apporter un confort maximum. Le sol \u00e9tant source de d\u00e9perditions thermiques (jusqu&rsquo;\u00e0 10%), il ne faut pas le n\u00e9gliger.\u00a0<\/span><\/p>\n<h2>Une pi\u00e8ce de vie au confort in\u00e9galable<\/h2>\n<p>Autrefois peu utilis\u00e9e car trop froide l&rsquo;hiver et trop chaude l&rsquo;\u00e9t\u00e9, <strong>la v\u00e9randa est d\u00e9sormais une pi\u00e8ce \u00e0 part enti\u00e8re dans votre maison<\/strong>.<\/p>\n<p><img loading=\"lazy\" decoding=\"async\" class=\"aligncenter wp-image-12025 size-full\" src=\"https:\/\/www.mafuturemaison.fr\/dossier\/wp-content\/uploads\/2022\/03\/veranda-bois-1.jpg\" alt=\"veranda-bois-1\" width=\"750\" height=\"502\" srcset=\"https:\/\/www.mafuturemaison.fr\/dossier\/wp-content\/uploads\/2022\/03\/veranda-bois-1.jpg 750w, https:\/\/www.mafuturemaison.fr\/dossier\/wp-content\/uploads\/2022\/03\/veranda-bois-1-300x201.jpg 300w\" sizes=\"auto, (max-width: 750px) 100vw, 750px\" \/><\/p>\n<p>Il faut cependant veiller aussi \u00e0 y installer <strong>des vitrages performants<\/strong> pour en profiter au mieux toute l&rsquo;ann\u00e9e.<\/p>\n<p>&nbsp;<\/p>\n<h3>Des\u00a0vitrages performants pour un\u00a0usage\u00a0au quotidien<\/h3>\n<p><strong>Les vitrages, mat\u00e9riaux principaux de la v\u00e9randa, sont \u00e0 minima en double vitrage<\/strong> pour respecter la r\u00e9glementation thermique et donc offrir une temp\u00e9rature correcte \u00e0 la pi\u00e8ce.<\/p>\n<p>Rajoutez \u00e0 cela quelques <strong>options suppl\u00e9mentaires<\/strong> pour un confort maximal quelque soit la p\u00e9riode de l&rsquo;ann\u00e9e : un vitrage avec contr\u00f4le solaire ou encore auto-nettoyant&#8230;<\/p>\n<p>De quoi am\u00e9liorer votre quotidien et <strong>profiter pleinement d&rsquo;un ext\u00e9rieur en int\u00e9rieur<\/strong>.<\/p>\n<p><img loading=\"lazy\" decoding=\"async\" class=\"aligncenter size-full wp-image-12029\" src=\"https:\/\/www.mafuturemaison.fr\/dossier\/wp-content\/uploads\/2022\/03\/veranda-volets-1.jpg\" alt=\"v\u00e9randa avec volets\" width=\"750\" height=\"505\" srcset=\"https:\/\/www.mafuturemaison.fr\/dossier\/wp-content\/uploads\/2022\/03\/veranda-volets-1.jpg 750w, https:\/\/www.mafuturemaison.fr\/dossier\/wp-content\/uploads\/2022\/03\/veranda-volets-1-300x202.jpg 300w\" sizes=\"auto, (max-width: 750px) 100vw, 750px\" \/><\/p>\n<h3>Une pi\u00e8ce suppl\u00e9mentaire dans la maison<\/h3>\n<p><strong>Parfaitement isol\u00e9e, la v\u00e9randa moderne est utilisable toute l&rsquo;ann\u00e9e et devient un r\u00e9el espace de vie fonctionnel.<\/strong><\/p>\n<p><img loading=\"lazy\" decoding=\"async\" class=\"aligncenter size-full wp-image-12026\" src=\"https:\/\/www.mafuturemaison.fr\/dossier\/wp-content\/uploads\/2022\/03\/veranda-jardin-1.jpg\" alt=\"veranda-jardin\" width=\"750\" height=\"439\" srcset=\"https:\/\/www.mafuturemaison.fr\/dossier\/wp-content\/uploads\/2022\/03\/veranda-jardin-1.jpg 750w, https:\/\/www.mafuturemaison.fr\/dossier\/wp-content\/uploads\/2022\/03\/veranda-jardin-1-300x176.jpg 300w\" sizes=\"auto, (max-width: 750px) 100vw, 750px\" \/><\/p>\n<p>Elle peut loger par exemple :<\/p>\n<ul>\n<li>une salle \u00e0 manger,<\/li>\n<li>un salon, une partie de votre cuisine,<\/li>\n<li>une suite parentale,<\/li>\n<li>un jardin d&rsquo;hiver,<\/li>\n<li>une piscine,<\/li>\n<li>ou encore votre nouveau spot de t\u00e9l\u00e9travail.<\/li>\n<\/ul>\n<p><img loading=\"lazy\" decoding=\"async\" class=\"aligncenter size-full wp-image-12031\" src=\"https:\/\/www.mafuturemaison.fr\/dossier\/wp-content\/uploads\/2021\/10\/verandart03Arety.jpg\" alt=\"v\u00e9rand'Art piscine\" width=\"750\" height=\"500\" srcset=\"https:\/\/www.mafuturemaison.fr\/dossier\/wp-content\/uploads\/2021\/10\/verandart03Arety.jpg 750w, https:\/\/www.mafuturemaison.fr\/dossier\/wp-content\/uploads\/2021\/10\/verandart03Arety-300x200.jpg 300w\" sizes=\"auto, (max-width: 750px) 100vw, 750px\" \/><\/p>\n<p><strong>La\u00a0v\u00e9randa moderne devient une pi\u00e8ce ouverte sur le monde ext\u00e9rieur.\u00a0<\/strong><\/p>\n<p>N&rsquo;h\u00e9sitez pas \u00e0 faire appel \u00e0 un professionnel afin que votre v\u00e9randa soit faite sur-mesure. Elle pourra ainsi s&rsquo;adapter parfaitement \u00e0 votre projet de construction mais aussi \u00e0 vos habitudes de vie.<\/p>\n<p>&nbsp;<\/p>\n<p>&nbsp;<\/p>\n<p>&nbsp;<\/p>\n","protected":false},"excerpt":{"rendered":"<p>De plus en plus de futurs acqu\u00e9reurs d&rsquo;une maison neuve envisagent l&rsquo;int\u00e9gration d&rsquo;une v\u00e9randa d\u00e8s le projet de construction. En accord total avec les diff\u00e9rentes normes et r\u00e9glementations thermiques, la v\u00e9randa moderne offre une grande luminosit\u00e9 \u00e0 votre int\u00e9rieur. De quoi en profiter en toutes saisons. Anticiper l&rsquo;int\u00e9gration de la v\u00e9randa \u00e0 votre maison Int\u00e9grer &hellip;<\/p>\n","protected":false},"author":1,"featured_media":12027,"comment_status":"closed","ping_status":"open","sticky":false,"template":"","format":"standard","meta":{"footnotes":""},"categories":[5,7,2,8,9],"tags":[425,26,448],"class_list":["post-11741","post","type-post","status-publish","format-standard","has-post-thumbnail","hentry","category-actualites","category-conseils-pour-faire-construire","category-construire","category-styles-et-architectures","category-techniques-et-materiaux","tag-jardin","tag-piscine","tag-veranda"],"yoast_head":"<!-- This site is optimized with the Yoast SEO plugin v25.8 - https:\/\/yoast.com\/wordpress\/plugins\/seo\/ -->\n<title>V\u00e9randa moderne, un espace lumineux toute l&#039;ann\u00e9e - Ma Future Maison<\/title>\n<meta name=\"description\" content=\"Une v\u00e9randa moderne offre une pi\u00e8ce en plus dans votre maison avec une grande luminosit\u00e9 \u00e0 votre int\u00e9rieur en toutes saisons. D\u00e9tails et explications.\" \/>\n<meta name=\"robots\" content=\"index, follow, max-snippet:-1, max-image-preview:large, max-video-preview:-1\" \/>\n<link rel=\"canonical\" href=\"https:\/\/www.mafuturemaison.fr\/dossier\/construire\/veranda-moderne-un-espace-lumineux-toute-lannee\/\" \/>\n<meta property=\"og:locale\" content=\"fr_FR\" \/>\n<meta property=\"og:type\" content=\"article\" \/>\n<meta property=\"og:title\" content=\"V\u00e9randa moderne, un espace lumineux toute l&#039;ann\u00e9e - Ma Future Maison\" \/>\n<meta property=\"og:description\" content=\"Une v\u00e9randa moderne offre une pi\u00e8ce en plus dans votre maison avec une grande luminosit\u00e9 \u00e0 votre int\u00e9rieur en toutes saisons. D\u00e9tails et explications.\" \/>\n<meta property=\"og:url\" content=\"https:\/\/www.mafuturemaison.fr\/dossier\/construire\/veranda-moderne-un-espace-lumineux-toute-lannee\/\" \/>\n<meta property=\"og:site_name\" content=\"Ma Future Maison\" \/>\n<meta property=\"article:publisher\" content=\"https:\/\/www.facebook.com\/MaFutureMaison\/\" \/>\n<meta property=\"article:published_time\" content=\"2021-10-21T10:25:36+00:00\" \/>\n<meta property=\"article:modified_time\" content=\"2022-03-03T10:38:56+00:00\" \/>\n<meta property=\"og:image\" content=\"https:\/\/www.mafuturemaison.fr\/dossier\/wp-content\/uploads\/2022\/03\/verandaMEO.jpg\" \/>\n\t<meta property=\"og:image:width\" content=\"750\" \/>\n\t<meta property=\"og:image:height\" content=\"369\" \/>\n\t<meta property=\"og:image:type\" content=\"image\/jpeg\" \/>\n<meta name=\"author\" content=\"Cl\u00e9ment\" \/>\n<meta name=\"twitter:card\" content=\"summary_large_image\" \/>\n<meta name=\"twitter:label1\" content=\"\u00c9crit par\" \/>\n\t<meta name=\"twitter:data1\" content=\"Cl\u00e9ment\" \/>\n\t<meta name=\"twitter:label2\" content=\"Dur\u00e9e de lecture estim\u00e9e\" \/>\n\t<meta name=\"twitter:data2\" content=\"3 minutes\" \/>\n<script type=\"application\/ld+json\" class=\"yoast-schema-graph\">{\"@context\":\"https:\/\/schema.org\",\"@graph\":[{\"@type\":\"WebPage\",\"@id\":\"https:\/\/www.mafuturemaison.fr\/dossier\/construire\/veranda-moderne-un-espace-lumineux-toute-lannee\/\",\"url\":\"https:\/\/www.mafuturemaison.fr\/dossier\/construire\/veranda-moderne-un-espace-lumineux-toute-lannee\/\",\"name\":\"V\u00e9randa moderne, un espace lumineux toute l'ann\u00e9e - Ma Future Maison\",\"isPartOf\":{\"@id\":\"https:\/\/www.mafuturemaison.fr\/dossier\/#website\"},\"primaryImageOfPage\":{\"@id\":\"https:\/\/www.mafuturemaison.fr\/dossier\/construire\/veranda-moderne-un-espace-lumineux-toute-lannee\/#primaryimage\"},\"image\":{\"@id\":\"https:\/\/www.mafuturemaison.fr\/dossier\/construire\/veranda-moderne-un-espace-lumineux-toute-lannee\/#primaryimage\"},\"thumbnailUrl\":\"https:\/\/www.mafuturemaison.fr\/dossier\/wp-content\/uploads\/2022\/03\/verandaMEO.jpg\",\"datePublished\":\"2021-10-21T10:25:36+00:00\",\"dateModified\":\"2022-03-03T10:38:56+00:00\",\"author\":{\"@id\":\"https:\/\/www.mafuturemaison.fr\/dossier\/#\/schema\/person\/f994f1f3783d6073b7eb98c4ff13e131\"},\"description\":\"Une v\u00e9randa moderne offre une pi\u00e8ce en plus dans votre maison avec une grande luminosit\u00e9 \u00e0 votre int\u00e9rieur en toutes saisons. D\u00e9tails et explications.\",\"breadcrumb\":{\"@id\":\"https:\/\/www.mafuturemaison.fr\/dossier\/construire\/veranda-moderne-un-espace-lumineux-toute-lannee\/#breadcrumb\"},\"inLanguage\":\"fr-FR\",\"potentialAction\":[{\"@type\":\"ReadAction\",\"target\":[\"https:\/\/www.mafuturemaison.fr\/dossier\/construire\/veranda-moderne-un-espace-lumineux-toute-lannee\/\"]}]},{\"@type\":\"ImageObject\",\"inLanguage\":\"fr-FR\",\"@id\":\"https:\/\/www.mafuturemaison.fr\/dossier\/construire\/veranda-moderne-un-espace-lumineux-toute-lannee\/#primaryimage\",\"url\":\"https:\/\/www.mafuturemaison.fr\/dossier\/wp-content\/uploads\/2022\/03\/verandaMEO.jpg\",\"contentUrl\":\"https:\/\/www.mafuturemaison.fr\/dossier\/wp-content\/uploads\/2022\/03\/verandaMEO.jpg\",\"width\":750,\"height\":369,\"caption\":\"v\u00e9randa MEO\"},{\"@type\":\"BreadcrumbList\",\"@id\":\"https:\/\/www.mafuturemaison.fr\/dossier\/construire\/veranda-moderne-un-espace-lumineux-toute-lannee\/#breadcrumb\",\"itemListElement\":[{\"@type\":\"ListItem\",\"position\":1,\"name\":\"Accueil\",\"item\":\"https:\/\/www.mafuturemaison.fr\/dossier\/\"},{\"@type\":\"ListItem\",\"position\":2,\"name\":\"V\u00e9randa moderne, un espace lumineux toute l&rsquo;ann\u00e9e\"}]},{\"@type\":\"WebSite\",\"@id\":\"https:\/\/www.mafuturemaison.fr\/dossier\/#website\",\"url\":\"https:\/\/www.mafuturemaison.fr\/dossier\/\",\"name\":\"Ma Future Maison\",\"description\":\"Conseils et annonces pour faire construire sa maison\",\"potentialAction\":[{\"@type\":\"SearchAction\",\"target\":{\"@type\":\"EntryPoint\",\"urlTemplate\":\"https:\/\/www.mafuturemaison.fr\/dossier\/?s={search_term_string}\"},\"query-input\":{\"@type\":\"PropertyValueSpecification\",\"valueRequired\":true,\"valueName\":\"search_term_string\"}}],\"inLanguage\":\"fr-FR\"},{\"@type\":\"Person\",\"@id\":\"https:\/\/www.mafuturemaison.fr\/dossier\/#\/schema\/person\/f994f1f3783d6073b7eb98c4ff13e131\",\"name\":\"Cl\u00e9ment\",\"image\":{\"@type\":\"ImageObject\",\"inLanguage\":\"fr-FR\",\"@id\":\"https:\/\/www.mafuturemaison.fr\/dossier\/#\/schema\/person\/image\/\",\"url\":\"https:\/\/secure.gravatar.com\/avatar\/ec243a4040373b27c6399de0bb4b792b?s=96&d=mm&r=g\",\"contentUrl\":\"https:\/\/secure.gravatar.com\/avatar\/ec243a4040373b27c6399de0bb4b792b?s=96&d=mm&r=g\",\"caption\":\"Cl\u00e9ment\"},\"url\":\"https:\/\/www.mafuturemaison.fr\/dossier\/author\/admin\/\"}]}<\/script>\n<!-- \/ Yoast SEO plugin. -->","yoast_head_json":{"title":"V\u00e9randa moderne, un espace lumineux toute l'ann\u00e9e - Ma Future Maison","description":"Une v\u00e9randa moderne offre une pi\u00e8ce en plus dans votre maison avec une grande luminosit\u00e9 \u00e0 votre int\u00e9rieur en toutes saisons. D\u00e9tails et explications.","robots":{"index":"index","follow":"follow","max-snippet":"max-snippet:-1","max-image-preview":"max-image-preview:large","max-video-preview":"max-video-preview:-1"},"canonical":"https:\/\/www.mafuturemaison.fr\/dossier\/construire\/veranda-moderne-un-espace-lumineux-toute-lannee\/","og_locale":"fr_FR","og_type":"article","og_title":"V\u00e9randa moderne, un espace lumineux toute l'ann\u00e9e - Ma Future Maison","og_description":"Une v\u00e9randa moderne offre une pi\u00e8ce en plus dans votre maison avec une grande luminosit\u00e9 \u00e0 votre int\u00e9rieur en toutes saisons. D\u00e9tails et explications.","og_url":"https:\/\/www.mafuturemaison.fr\/dossier\/construire\/veranda-moderne-un-espace-lumineux-toute-lannee\/","og_site_name":"Ma Future Maison","article_publisher":"https:\/\/www.facebook.com\/MaFutureMaison\/","article_published_time":"2021-10-21T10:25:36+00:00","article_modified_time":"2022-03-03T10:38:56+00:00","og_image":[{"width":750,"height":369,"url":"https:\/\/www.mafuturemaison.fr\/dossier\/wp-content\/uploads\/2022\/03\/verandaMEO.jpg","type":"image\/jpeg"}],"author":"Cl\u00e9ment","twitter_card":"summary_large_image","twitter_misc":{"\u00c9crit par":"Cl\u00e9ment","Dur\u00e9e de lecture estim\u00e9e":"3 minutes"},"schema":{"@context":"https:\/\/schema.org","@graph":[{"@type":"WebPage","@id":"https:\/\/www.mafuturemaison.fr\/dossier\/construire\/veranda-moderne-un-espace-lumineux-toute-lannee\/","url":"https:\/\/www.mafuturemaison.fr\/dossier\/construire\/veranda-moderne-un-espace-lumineux-toute-lannee\/","name":"V\u00e9randa moderne, un espace lumineux toute l'ann\u00e9e - Ma Future Maison","isPartOf":{"@id":"https:\/\/www.mafuturemaison.fr\/dossier\/#website"},"primaryImageOfPage":{"@id":"https:\/\/www.mafuturemaison.fr\/dossier\/construire\/veranda-moderne-un-espace-lumineux-toute-lannee\/#primaryimage"},"image":{"@id":"https:\/\/www.mafuturemaison.fr\/dossier\/construire\/veranda-moderne-un-espace-lumineux-toute-lannee\/#primaryimage"},"thumbnailUrl":"https:\/\/www.mafuturemaison.fr\/dossier\/wp-content\/uploads\/2022\/03\/verandaMEO.jpg","datePublished":"2021-10-21T10:25:36+00:00","dateModified":"2022-03-03T10:38:56+00:00","author":{"@id":"https:\/\/www.mafuturemaison.fr\/dossier\/#\/schema\/person\/f994f1f3783d6073b7eb98c4ff13e131"},"description":"Une v\u00e9randa moderne offre une pi\u00e8ce en plus dans votre maison avec une grande luminosit\u00e9 \u00e0 votre int\u00e9rieur en toutes saisons. D\u00e9tails et explications.","breadcrumb":{"@id":"https:\/\/www.mafuturemaison.fr\/dossier\/construire\/veranda-moderne-un-espace-lumineux-toute-lannee\/#breadcrumb"},"inLanguage":"fr-FR","potentialAction":[{"@type":"ReadAction","target":["https:\/\/www.mafuturemaison.fr\/dossier\/construire\/veranda-moderne-un-espace-lumineux-toute-lannee\/"]}]},{"@type":"ImageObject","inLanguage":"fr-FR","@id":"https:\/\/www.mafuturemaison.fr\/dossier\/construire\/veranda-moderne-un-espace-lumineux-toute-lannee\/#primaryimage","url":"https:\/\/www.mafuturemaison.fr\/dossier\/wp-content\/uploads\/2022\/03\/verandaMEO.jpg","contentUrl":"https:\/\/www.mafuturemaison.fr\/dossier\/wp-content\/uploads\/2022\/03\/verandaMEO.jpg","width":750,"height":369,"caption":"v\u00e9randa MEO"},{"@type":"BreadcrumbList","@id":"https:\/\/www.mafuturemaison.fr\/dossier\/construire\/veranda-moderne-un-espace-lumineux-toute-lannee\/#breadcrumb","itemListElement":[{"@type":"ListItem","position":1,"name":"Accueil","item":"https:\/\/www.mafuturemaison.fr\/dossier\/"},{"@type":"ListItem","position":2,"name":"V\u00e9randa moderne, un espace lumineux toute l&rsquo;ann\u00e9e"}]},{"@type":"WebSite","@id":"https:\/\/www.mafuturemaison.fr\/dossier\/#website","url":"https:\/\/www.mafuturemaison.fr\/dossier\/","name":"Ma Future Maison","description":"Conseils et annonces pour faire construire sa maison","potentialAction":[{"@type":"SearchAction","target":{"@type":"EntryPoint","urlTemplate":"https:\/\/www.mafuturemaison.fr\/dossier\/?s={search_term_string}"},"query-input":{"@type":"PropertyValueSpecification","valueRequired":true,"valueName":"search_term_string"}}],"inLanguage":"fr-FR"},{"@type":"Person","@id":"https:\/\/www.mafuturemaison.fr\/dossier\/#\/schema\/person\/f994f1f3783d6073b7eb98c4ff13e131","name":"Cl\u00e9ment","image":{"@type":"ImageObject","inLanguage":"fr-FR","@id":"https:\/\/www.mafuturemaison.fr\/dossier\/#\/schema\/person\/image\/","url":"https:\/\/secure.gravatar.com\/avatar\/ec243a4040373b27c6399de0bb4b792b?s=96&d=mm&r=g","contentUrl":"https:\/\/secure.gravatar.com\/avatar\/ec243a4040373b27c6399de0bb4b792b?s=96&d=mm&r=g","caption":"Cl\u00e9ment"},"url":"https:\/\/www.mafuturemaison.fr\/dossier\/author\/admin\/"}]}},"_links":{"self":[{"href":"https:\/\/www.mafuturemaison.fr\/dossier\/wp-json\/wp\/v2\/posts\/11741","targetHints":{"allow":["GET"]}}],"collection":[{"href":"https:\/\/www.mafuturemaison.fr\/dossier\/wp-json\/wp\/v2\/posts"}],"about":[{"href":"https:\/\/www.mafuturemaison.fr\/dossier\/wp-json\/wp\/v2\/types\/post"}],"author":[{"embeddable":true,"href":"https:\/\/www.mafuturemaison.fr\/dossier\/wp-json\/wp\/v2\/users\/1"}],"replies":[{"embeddable":true,"href":"https:\/\/www.mafuturemaison.fr\/dossier\/wp-json\/wp\/v2\/comments?post=11741"}],"version-history":[{"count":5,"href":"https:\/\/www.mafuturemaison.fr\/dossier\/wp-json\/wp\/v2\/posts\/11741\/revisions"}],"predecessor-version":[{"id":12032,"href":"https:\/\/www.mafuturemaison.fr\/dossier\/wp-json\/wp\/v2\/posts\/11741\/revisions\/12032"}],"wp:featuredmedia":[{"embeddable":true,"href":"https:\/\/www.mafuturemaison.fr\/dossier\/wp-json\/wp\/v2\/media\/12027"}],"wp:attachment":[{"href":"https:\/\/www.mafuturemaison.fr\/dossier\/wp-json\/wp\/v2\/media?parent=11741"}],"wp:term":[{"taxonomy":"category","embeddable":true,"href":"https:\/\/www.mafuturemaison.fr\/dossier\/wp-json\/wp\/v2\/categories?post=11741"},{"taxonomy":"post_tag","embeddable":true,"href":"https:\/\/www.mafuturemaison.fr\/dossier\/wp-json\/wp\/v2\/tags?post=11741"}],"curies":[{"name":"wp","href":"https:\/\/api.w.org\/{rel}","templated":true}]}}