{"id":1266,"date":"2012-05-02T10:54:04","date_gmt":"2012-05-02T10:54:04","guid":{"rendered":"http:\/\/www.mafuturemaison.fr\/dossier\/?p=1266"},"modified":"2015-09-03T13:29:06","modified_gmt":"2015-09-03T11:29:06","slug":"inauguration-du-reseau-des-plates-formes-batiment-energie-ou-comment-favoriser-lapplication-du-grenelle-de-lenvironnement-dans-le-secteur-de-la-construction-individuelle","status":"publish","type":"post","link":"https:\/\/www.mafuturemaison.fr\/dossier\/construire\/inauguration-du-reseau-des-plates-formes-batiment-energie-ou-comment-favoriser-lapplication-du-grenelle-de-lenvironnement-dans-le-secteur-de-la-construction-individuelle\/","title":{"rendered":"Inauguration du r\u00e9seau des plates-formes B\u00e2timent-Energie, ou comment favoriser l\u2019application du Grenelle de l\u2019Environnement dans le secteur de la construction individuelle"},"content":{"rendered":"<p>Le r\u00e9seau des plates-formes B\u00e2timent Energie Grenelle vient d\u2019\u00eatre inaugur\u00e9 par les instances du <strong>Grenelle de l\u2019environnement<\/strong>, avec le soutien de l\u2019ADEME (l\u2019Agence de l&rsquo;environnement et de la ma\u00eetrise de l&rsquo;\u00e9nergie) le CSTB (le Centre scientifique et technique du b\u00e2timent) d\u2019Os\u00e9o (une entreprise publique qui finance la croissance des PME).<\/p>\n<p>Les entreprises du b\u00e2timent et de la<strong> construction neuve<\/strong> figurent parmi les principaux acteurs du passage \u00e0 une \u00e9conomie durable. Ce r\u00e9seau doit permettre de les aider \u00e0 organiser leur adaptation aux dispositions de Grenelle de l\u2019Environnement, et de leur proposer des solutions et des exemples de bonnes pratiques. La mutualisation des exp\u00e9riences et des innovations devrait permettre une meilleure coordination et une meilleure lisibilit\u00e9 des d\u00e9marches environnementales dans le secteur du b\u00e2timent et de la construction neuve.<\/p>\n<p>Ces plates-formes offrent dor\u00e9navant \u00e0 la fili\u00e8re un soutien et un accompagnement in\u00e9dit, qui porte sur deux objectifs. Il s\u2019agit d\u2019accompagner la mutation du secteur de la construction et la mise en conformit\u00e9 avec les dispositions du Grenelle de l\u2019Environnement (premier objectif), de fa\u00e7on \u00e0 d\u00e9velopper le secteur et \u00e0 le rendre plus dynamique au niveau local (deuxi\u00e8me objectif).<\/p>\n<p>Pour r\u00e9aliser ces objectifs, le r\u00e9seau s\u2019est attribu\u00e9 4 missions. Chaque plate-forme proposera donc\u00a0:<\/p>\n<ul>\n<li>une d\u00e9monstration des \u00ab\u00a0bonnes pratiques\u00a0\u00bb en mati\u00e8re environnementale dans la construction, ainsi que des formations adapt\u00e9es\u00a0;<\/li>\n<li>une aide \u00e0 la cr\u00e9ation et au d\u00e9veloppement d\u2019entreprises (partage des savoirs et des comp\u00e9tences au niveau r\u00e9gional et national et dynamisation du tissu entrepreneurial local)\u00a0;<\/li>\n<li>\u00a0des dispositifs de formation initiale et continue \u00e0 tous les niveaux, en lien avec la recherche et le d\u00e9veloppement technologiques.<\/li>\n<\/ul>\n<h3>Les 10 plates-formes du r\u00e9seau des\u00a0plates-formes B\u00e2timent Energie Grenelle\u00a0:<\/h3>\n<ul>\n<li>Eco Mat\u00e9riaux du CoDEM Picardie dans la Somme (80)<\/li>\n<li>Ville et Am\u00e9nagement durable de Efficacity en Seine et Marne (77)<\/li>\n<li>B\u00e2timent \u00e0 \u00e9nergie positive de Pole Alsace Energivie dans le Bas-Rhin (67)<\/li>\n<li>Climat atlantique, r\u00e9habilitation, processus industriel de Atlantech en Charente-Maritime (17)<\/li>\n<li>Intelligence du b\u00e2timent et g\u00e9othermie de Greenerb@t dans le Loiret (45)<\/li>\n<li>Constructions biosourc\u00e9es de C&amp;B Constructions &amp; Bioressources dans L\u2019Yonne (89)<\/li>\n<li>B\u00e2ti ancien de CoRDOBA en Sa\u00f4ne et Loire (71)<\/li>\n<li>Climat M\u00e9diterran\u00e9en (en projet)<\/li>\n<li>Energie solaire et b\u00e2timent de l\u2019Institut national de l\u2019Energie solaire en Savoie (73)<\/li>\n<li>Energie, assemblage, processus de construction, usages de Astus-Construction en Is\u00e8re (38)<\/li>\n<li>Bois et Construction durable de l\u2019Institut national d\u2019excellence facteur 4 en Gironde (33)<\/li>\n<li>Qualit\u00e9 d\u2019usage, technologie avanc\u00e9e, processus optimis\u00e9s de Cluster en Pyr\u00e9n\u00e9es Atlantiques (64).<\/li>\n<\/ul>\n<p>Aude Clavel<\/p>\n<p><strong><img loading=\"lazy\" decoding=\"async\" class=\"alignleft  wp-image-3725\" src=\"http:\/\/www.bienconstruire.net\/wp-content\/uploads\/2015\/03\/maisonMFM.jpg\" alt=\"ma future maison\" width=\"144\" height=\"114\" \/><\/strong><\/p>\n<p><strong>Vous souhaitez faire construire votre maison ?<\/strong><br \/>\nConsultez les diff\u00e9rents <a title=\"modeles maisons\" href=\"http:\/\/www.mafuturemaison.fr\/modele-maison\/\" target=\"_blank\">catalogues de mod\u00e8les de nos constructeurs<\/a>, ou les <a title=\"fiches modeles maisons\" href=\"http:\/\/www.bienconstruire.net\/fiches-modele-de-maison-a-telecharger\/\" target=\"_blank\">fiches des diff\u00e9rents mod\u00e8les<\/a>, qui vous aideront \u00e0 faire votre choix.\u00a0Nous vous proposons \u00e9galement de nombreuses <a title=\"annonces terrains\" href=\"http:\/\/www.mafuturemaison.fr\/annonce\/terrain-a-vendre\" target=\"_blank\">annonces de terrains \u00e0 b\u00e2tir<\/a>, ou d\u2019<a title=\"annonces terrain+maison\" href=\"http:\/\/www.mafuturemaison.fr\/annonce\/maison-neuve\" target=\"_blank\">op\u00e9rations terrain + maison<\/a> pour concr\u00e9tiser votre projet.<\/p>\n","protected":false},"excerpt":{"rendered":"<p>Le r\u00e9seau des plates-formes B\u00e2timent Energie Grenelle vient d\u2019\u00eatre inaugur\u00e9 par les instances du Grenelle de l\u2019environnement, avec le soutien de l\u2019ADEME (l\u2019Agence de l&rsquo;environnement et de la ma\u00eetrise de l&rsquo;\u00e9nergie) le CSTB (le Centre scientifique et technique du b\u00e2timent) d\u2019Os\u00e9o (une entreprise publique qui finance la croissance des PME). Les entreprises du b\u00e2timent et &hellip;<\/p>\n","protected":false},"author":1,"featured_media":3206,"comment_status":"open","ping_status":"open","sticky":false,"template":"","format":"standard","meta":{"footnotes":""},"categories":[5,2,3,11,14],"tags":[272,273],"class_list":["post-1266","post","type-post","status-publish","format-standard","has-post-thumbnail","hentry","category-actualites","category-construire","category-energie","category-maison-ecologique","category-reglementations","tag-construction-neuve","tag-grenelle-de-lenvironnement"],"yoast_head":"<!-- This site is optimized with the Yoast SEO plugin v25.8 - https:\/\/yoast.com\/wordpress\/plugins\/seo\/ -->\n<title>Inauguration du r\u00e9seau des plates-formes B\u00e2timent-Energie, ou comment favoriser l\u2019application du Grenelle de l\u2019Environnement dans le secteur de la construction individuelle - Ma Future Maison<\/title>\n<meta name=\"robots\" content=\"index, follow, max-snippet:-1, max-image-preview:large, max-video-preview:-1\" \/>\n<link rel=\"canonical\" href=\"https:\/\/www.mafuturemaison.fr\/dossier\/construire\/inauguration-du-reseau-des-plates-formes-batiment-energie-ou-comment-favoriser-lapplication-du-grenelle-de-lenvironnement-dans-le-secteur-de-la-construction-individuelle\/\" \/>\n<meta property=\"og:locale\" content=\"fr_FR\" \/>\n<meta property=\"og:type\" content=\"article\" \/>\n<meta property=\"og:title\" content=\"Inauguration du r\u00e9seau des plates-formes B\u00e2timent-Energie, ou comment favoriser l\u2019application du Grenelle de l\u2019Environnement dans le secteur de la construction individuelle - Ma Future Maison\" \/>\n<meta property=\"og:description\" content=\"Le r\u00e9seau des plates-formes B\u00e2timent Energie Grenelle vient d\u2019\u00eatre inaugur\u00e9 par les instances du Grenelle de l\u2019environnement, avec le soutien de l\u2019ADEME (l\u2019Agence de l&rsquo;environnement et de la ma\u00eetrise de l&rsquo;\u00e9nergie) le CSTB (le Centre scientifique et technique du b\u00e2timent) d\u2019Os\u00e9o (une entreprise publique qui finance la croissance des PME). Les entreprises du b\u00e2timent et &hellip;\" \/>\n<meta property=\"og:url\" content=\"https:\/\/www.mafuturemaison.fr\/dossier\/construire\/inauguration-du-reseau-des-plates-formes-batiment-energie-ou-comment-favoriser-lapplication-du-grenelle-de-lenvironnement-dans-le-secteur-de-la-construction-individuelle\/\" \/>\n<meta property=\"og:site_name\" content=\"Ma Future Maison\" \/>\n<meta property=\"article:publisher\" content=\"https:\/\/www.facebook.com\/MaFutureMaison\/\" \/>\n<meta property=\"article:published_time\" content=\"2012-05-02T10:54:04+00:00\" \/>\n<meta property=\"article:modified_time\" content=\"2015-09-03T11:29:06+00:00\" \/>\n<meta property=\"og:image\" content=\"https:\/\/www.mafuturemaison.fr\/dossier\/wp-content\/uploads\/2014\/08\/maison-ecologique.jpg\" \/>\n\t<meta property=\"og:image:width\" content=\"169\" \/>\n\t<meta property=\"og:image:height\" content=\"169\" \/>\n\t<meta property=\"og:image:type\" content=\"image\/jpeg\" \/>\n<meta name=\"author\" content=\"Cl\u00e9ment\" \/>\n<meta name=\"twitter:card\" content=\"summary_large_image\" \/>\n<meta name=\"twitter:label1\" content=\"\u00c9crit par\" \/>\n\t<meta name=\"twitter:data1\" content=\"Cl\u00e9ment\" \/>\n\t<meta name=\"twitter:label2\" content=\"Dur\u00e9e de lecture estim\u00e9e\" \/>\n\t<meta name=\"twitter:data2\" content=\"2 minutes\" \/>\n<script type=\"application\/ld+json\" class=\"yoast-schema-graph\">{\"@context\":\"https:\/\/schema.org\",\"@graph\":[{\"@type\":\"WebPage\",\"@id\":\"https:\/\/www.mafuturemaison.fr\/dossier\/construire\/inauguration-du-reseau-des-plates-formes-batiment-energie-ou-comment-favoriser-lapplication-du-grenelle-de-lenvironnement-dans-le-secteur-de-la-construction-individuelle\/\",\"url\":\"https:\/\/www.mafuturemaison.fr\/dossier\/construire\/inauguration-du-reseau-des-plates-formes-batiment-energie-ou-comment-favoriser-lapplication-du-grenelle-de-lenvironnement-dans-le-secteur-de-la-construction-individuelle\/\",\"name\":\"Inauguration du r\u00e9seau des plates-formes B\u00e2timent-Energie, ou comment favoriser l\u2019application du Grenelle de l\u2019Environnement dans le secteur de la construction individuelle - Ma Future Maison\",\"isPartOf\":{\"@id\":\"https:\/\/www.mafuturemaison.fr\/dossier\/#website\"},\"primaryImageOfPage\":{\"@id\":\"https:\/\/www.mafuturemaison.fr\/dossier\/construire\/inauguration-du-reseau-des-plates-formes-batiment-energie-ou-comment-favoriser-lapplication-du-grenelle-de-lenvironnement-dans-le-secteur-de-la-construction-individuelle\/#primaryimage\"},\"image\":{\"@id\":\"https:\/\/www.mafuturemaison.fr\/dossier\/construire\/inauguration-du-reseau-des-plates-formes-batiment-energie-ou-comment-favoriser-lapplication-du-grenelle-de-lenvironnement-dans-le-secteur-de-la-construction-individuelle\/#primaryimage\"},\"thumbnailUrl\":\"https:\/\/www.mafuturemaison.fr\/dossier\/wp-content\/uploads\/2014\/08\/maison-ecologique.jpg\",\"datePublished\":\"2012-05-02T10:54:04+00:00\",\"dateModified\":\"2015-09-03T11:29:06+00:00\",\"author\":{\"@id\":\"https:\/\/www.mafuturemaison.fr\/dossier\/#\/schema\/person\/f994f1f3783d6073b7eb98c4ff13e131\"},\"breadcrumb\":{\"@id\":\"https:\/\/www.mafuturemaison.fr\/dossier\/construire\/inauguration-du-reseau-des-plates-formes-batiment-energie-ou-comment-favoriser-lapplication-du-grenelle-de-lenvironnement-dans-le-secteur-de-la-construction-individuelle\/#breadcrumb\"},\"inLanguage\":\"fr-FR\",\"potentialAction\":[{\"@type\":\"ReadAction\",\"target\":[\"https:\/\/www.mafuturemaison.fr\/dossier\/construire\/inauguration-du-reseau-des-plates-formes-batiment-energie-ou-comment-favoriser-lapplication-du-grenelle-de-lenvironnement-dans-le-secteur-de-la-construction-individuelle\/\"]}]},{\"@type\":\"ImageObject\",\"inLanguage\":\"fr-FR\",\"@id\":\"https:\/\/www.mafuturemaison.fr\/dossier\/construire\/inauguration-du-reseau-des-plates-formes-batiment-energie-ou-comment-favoriser-lapplication-du-grenelle-de-lenvironnement-dans-le-secteur-de-la-construction-individuelle\/#primaryimage\",\"url\":\"https:\/\/www.mafuturemaison.fr\/dossier\/wp-content\/uploads\/2014\/08\/maison-ecologique.jpg\",\"contentUrl\":\"https:\/\/www.mafuturemaison.fr\/dossier\/wp-content\/uploads\/2014\/08\/maison-ecologique.jpg\",\"width\":\"169\",\"height\":\"169\",\"caption\":\"faire construire sa maison\"},{\"@type\":\"BreadcrumbList\",\"@id\":\"https:\/\/www.mafuturemaison.fr\/dossier\/construire\/inauguration-du-reseau-des-plates-formes-batiment-energie-ou-comment-favoriser-lapplication-du-grenelle-de-lenvironnement-dans-le-secteur-de-la-construction-individuelle\/#breadcrumb\",\"itemListElement\":[{\"@type\":\"ListItem\",\"position\":1,\"name\":\"Accueil\",\"item\":\"https:\/\/www.mafuturemaison.fr\/dossier\/\"},{\"@type\":\"ListItem\",\"position\":2,\"name\":\"Inauguration du r\u00e9seau des plates-formes B\u00e2timent-Energie, ou comment favoriser l\u2019application du Grenelle de l\u2019Environnement dans le secteur de la construction individuelle\"}]},{\"@type\":\"WebSite\",\"@id\":\"https:\/\/www.mafuturemaison.fr\/dossier\/#website\",\"url\":\"https:\/\/www.mafuturemaison.fr\/dossier\/\",\"name\":\"Ma Future Maison\",\"description\":\"Conseils et annonces pour faire construire sa maison\",\"potentialAction\":[{\"@type\":\"SearchAction\",\"target\":{\"@type\":\"EntryPoint\",\"urlTemplate\":\"https:\/\/www.mafuturemaison.fr\/dossier\/?s={search_term_string}\"},\"query-input\":{\"@type\":\"PropertyValueSpecification\",\"valueRequired\":true,\"valueName\":\"search_term_string\"}}],\"inLanguage\":\"fr-FR\"},{\"@type\":\"Person\",\"@id\":\"https:\/\/www.mafuturemaison.fr\/dossier\/#\/schema\/person\/f994f1f3783d6073b7eb98c4ff13e131\",\"name\":\"Cl\u00e9ment\",\"image\":{\"@type\":\"ImageObject\",\"inLanguage\":\"fr-FR\",\"@id\":\"https:\/\/www.mafuturemaison.fr\/dossier\/#\/schema\/person\/image\/\",\"url\":\"https:\/\/secure.gravatar.com\/avatar\/ec243a4040373b27c6399de0bb4b792b?s=96&d=mm&r=g\",\"contentUrl\":\"https:\/\/secure.gravatar.com\/avatar\/ec243a4040373b27c6399de0bb4b792b?s=96&d=mm&r=g\",\"caption\":\"Cl\u00e9ment\"},\"url\":\"https:\/\/www.mafuturemaison.fr\/dossier\/author\/admin\/\"}]}<\/script>\n<!-- \/ Yoast SEO plugin. -->","yoast_head_json":{"title":"Inauguration du r\u00e9seau des plates-formes B\u00e2timent-Energie, ou comment favoriser l\u2019application du Grenelle de l\u2019Environnement dans le secteur de la construction individuelle - Ma Future Maison","robots":{"index":"index","follow":"follow","max-snippet":"max-snippet:-1","max-image-preview":"max-image-preview:large","max-video-preview":"max-video-preview:-1"},"canonical":"https:\/\/www.mafuturemaison.fr\/dossier\/construire\/inauguration-du-reseau-des-plates-formes-batiment-energie-ou-comment-favoriser-lapplication-du-grenelle-de-lenvironnement-dans-le-secteur-de-la-construction-individuelle\/","og_locale":"fr_FR","og_type":"article","og_title":"Inauguration du r\u00e9seau des plates-formes B\u00e2timent-Energie, ou comment favoriser l\u2019application du Grenelle de l\u2019Environnement dans le secteur de la construction individuelle - Ma Future Maison","og_description":"Le r\u00e9seau des plates-formes B\u00e2timent Energie Grenelle vient d\u2019\u00eatre inaugur\u00e9 par les instances du Grenelle de l\u2019environnement, avec le soutien de l\u2019ADEME (l\u2019Agence de l&rsquo;environnement et de la ma\u00eetrise de l&rsquo;\u00e9nergie) le CSTB (le Centre scientifique et technique du b\u00e2timent) d\u2019Os\u00e9o (une entreprise publique qui finance la croissance des PME). Les entreprises du b\u00e2timent et &hellip;","og_url":"https:\/\/www.mafuturemaison.fr\/dossier\/construire\/inauguration-du-reseau-des-plates-formes-batiment-energie-ou-comment-favoriser-lapplication-du-grenelle-de-lenvironnement-dans-le-secteur-de-la-construction-individuelle\/","og_site_name":"Ma Future Maison","article_publisher":"https:\/\/www.facebook.com\/MaFutureMaison\/","article_published_time":"2012-05-02T10:54:04+00:00","article_modified_time":"2015-09-03T11:29:06+00:00","og_image":[{"width":169,"height":169,"url":"https:\/\/www.mafuturemaison.fr\/dossier\/wp-content\/uploads\/2014\/08\/maison-ecologique.jpg","type":"image\/jpeg"}],"author":"Cl\u00e9ment","twitter_card":"summary_large_image","twitter_misc":{"\u00c9crit par":"Cl\u00e9ment","Dur\u00e9e de lecture estim\u00e9e":"2 minutes"},"schema":{"@context":"https:\/\/schema.org","@graph":[{"@type":"WebPage","@id":"https:\/\/www.mafuturemaison.fr\/dossier\/construire\/inauguration-du-reseau-des-plates-formes-batiment-energie-ou-comment-favoriser-lapplication-du-grenelle-de-lenvironnement-dans-le-secteur-de-la-construction-individuelle\/","url":"https:\/\/www.mafuturemaison.fr\/dossier\/construire\/inauguration-du-reseau-des-plates-formes-batiment-energie-ou-comment-favoriser-lapplication-du-grenelle-de-lenvironnement-dans-le-secteur-de-la-construction-individuelle\/","name":"Inauguration du r\u00e9seau des plates-formes B\u00e2timent-Energie, ou comment favoriser l\u2019application du Grenelle de l\u2019Environnement dans le secteur de la construction individuelle - Ma Future Maison","isPartOf":{"@id":"https:\/\/www.mafuturemaison.fr\/dossier\/#website"},"primaryImageOfPage":{"@id":"https:\/\/www.mafuturemaison.fr\/dossier\/construire\/inauguration-du-reseau-des-plates-formes-batiment-energie-ou-comment-favoriser-lapplication-du-grenelle-de-lenvironnement-dans-le-secteur-de-la-construction-individuelle\/#primaryimage"},"image":{"@id":"https:\/\/www.mafuturemaison.fr\/dossier\/construire\/inauguration-du-reseau-des-plates-formes-batiment-energie-ou-comment-favoriser-lapplication-du-grenelle-de-lenvironnement-dans-le-secteur-de-la-construction-individuelle\/#primaryimage"},"thumbnailUrl":"https:\/\/www.mafuturemaison.fr\/dossier\/wp-content\/uploads\/2014\/08\/maison-ecologique.jpg","datePublished":"2012-05-02T10:54:04+00:00","dateModified":"2015-09-03T11:29:06+00:00","author":{"@id":"https:\/\/www.mafuturemaison.fr\/dossier\/#\/schema\/person\/f994f1f3783d6073b7eb98c4ff13e131"},"breadcrumb":{"@id":"https:\/\/www.mafuturemaison.fr\/dossier\/construire\/inauguration-du-reseau-des-plates-formes-batiment-energie-ou-comment-favoriser-lapplication-du-grenelle-de-lenvironnement-dans-le-secteur-de-la-construction-individuelle\/#breadcrumb"},"inLanguage":"fr-FR","potentialAction":[{"@type":"ReadAction","target":["https:\/\/www.mafuturemaison.fr\/dossier\/construire\/inauguration-du-reseau-des-plates-formes-batiment-energie-ou-comment-favoriser-lapplication-du-grenelle-de-lenvironnement-dans-le-secteur-de-la-construction-individuelle\/"]}]},{"@type":"ImageObject","inLanguage":"fr-FR","@id":"https:\/\/www.mafuturemaison.fr\/dossier\/construire\/inauguration-du-reseau-des-plates-formes-batiment-energie-ou-comment-favoriser-lapplication-du-grenelle-de-lenvironnement-dans-le-secteur-de-la-construction-individuelle\/#primaryimage","url":"https:\/\/www.mafuturemaison.fr\/dossier\/wp-content\/uploads\/2014\/08\/maison-ecologique.jpg","contentUrl":"https:\/\/www.mafuturemaison.fr\/dossier\/wp-content\/uploads\/2014\/08\/maison-ecologique.jpg","width":"169","height":"169","caption":"faire construire sa maison"},{"@type":"BreadcrumbList","@id":"https:\/\/www.mafuturemaison.fr\/dossier\/construire\/inauguration-du-reseau-des-plates-formes-batiment-energie-ou-comment-favoriser-lapplication-du-grenelle-de-lenvironnement-dans-le-secteur-de-la-construction-individuelle\/#breadcrumb","itemListElement":[{"@type":"ListItem","position":1,"name":"Accueil","item":"https:\/\/www.mafuturemaison.fr\/dossier\/"},{"@type":"ListItem","position":2,"name":"Inauguration du r\u00e9seau des plates-formes B\u00e2timent-Energie, ou comment favoriser l\u2019application du Grenelle de l\u2019Environnement dans le secteur de la construction individuelle"}]},{"@type":"WebSite","@id":"https:\/\/www.mafuturemaison.fr\/dossier\/#website","url":"https:\/\/www.mafuturemaison.fr\/dossier\/","name":"Ma Future Maison","description":"Conseils et annonces pour faire construire sa maison","potentialAction":[{"@type":"SearchAction","target":{"@type":"EntryPoint","urlTemplate":"https:\/\/www.mafuturemaison.fr\/dossier\/?s={search_term_string}"},"query-input":{"@type":"PropertyValueSpecification","valueRequired":true,"valueName":"search_term_string"}}],"inLanguage":"fr-FR"},{"@type":"Person","@id":"https:\/\/www.mafuturemaison.fr\/dossier\/#\/schema\/person\/f994f1f3783d6073b7eb98c4ff13e131","name":"Cl\u00e9ment","image":{"@type":"ImageObject","inLanguage":"fr-FR","@id":"https:\/\/www.mafuturemaison.fr\/dossier\/#\/schema\/person\/image\/","url":"https:\/\/secure.gravatar.com\/avatar\/ec243a4040373b27c6399de0bb4b792b?s=96&d=mm&r=g","contentUrl":"https:\/\/secure.gravatar.com\/avatar\/ec243a4040373b27c6399de0bb4b792b?s=96&d=mm&r=g","caption":"Cl\u00e9ment"},"url":"https:\/\/www.mafuturemaison.fr\/dossier\/author\/admin\/"}]}},"_links":{"self":[{"href":"https:\/\/www.mafuturemaison.fr\/dossier\/wp-json\/wp\/v2\/posts\/1266","targetHints":{"allow":["GET"]}}],"collection":[{"href":"https:\/\/www.mafuturemaison.fr\/dossier\/wp-json\/wp\/v2\/posts"}],"about":[{"href":"https:\/\/www.mafuturemaison.fr\/dossier\/wp-json\/wp\/v2\/types\/post"}],"author":[{"embeddable":true,"href":"https:\/\/www.mafuturemaison.fr\/dossier\/wp-json\/wp\/v2\/users\/1"}],"replies":[{"embeddable":true,"href":"https:\/\/www.mafuturemaison.fr\/dossier\/wp-json\/wp\/v2\/comments?post=1266"}],"version-history":[{"count":6,"href":"https:\/\/www.mafuturemaison.fr\/dossier\/wp-json\/wp\/v2\/posts\/1266\/revisions"}],"predecessor-version":[{"id":4746,"href":"https:\/\/www.mafuturemaison.fr\/dossier\/wp-json\/wp\/v2\/posts\/1266\/revisions\/4746"}],"wp:featuredmedia":[{"embeddable":true,"href":"https:\/\/www.mafuturemaison.fr\/dossier\/wp-json\/wp\/v2\/media\/3206"}],"wp:attachment":[{"href":"https:\/\/www.mafuturemaison.fr\/dossier\/wp-json\/wp\/v2\/media?parent=1266"}],"wp:term":[{"taxonomy":"category","embeddable":true,"href":"https:\/\/www.mafuturemaison.fr\/dossier\/wp-json\/wp\/v2\/categories?post=1266"},{"taxonomy":"post_tag","embeddable":true,"href":"https:\/\/www.mafuturemaison.fr\/dossier\/wp-json\/wp\/v2\/tags?post=1266"}],"curies":[{"name":"wp","href":"https:\/\/api.w.org\/{rel}","templated":true}]}}