{"id":1381,"date":"2012-06-15T11:03:05","date_gmt":"2012-06-15T11:03:05","guid":{"rendered":"http:\/\/www.mafuturemaison.fr\/dossier\/?p=1381"},"modified":"2015-09-03T13:44:43","modified_gmt":"2015-09-03T11:44:43","slug":"le-grenelle-de-lenvironnement-prioritaire-pour-le-nouveau-ministere-de-lecologie","status":"publish","type":"post","link":"https:\/\/www.mafuturemaison.fr\/dossier\/construire\/le-grenelle-de-lenvironnement-prioritaire-pour-le-nouveau-ministere-de-lecologie\/","title":{"rendered":"Le Grenelle de l\u2019Environnement prioritaire pour le nouveau minist\u00e8re de l\u2019Ecologie"},"content":{"rendered":"<p><img loading=\"lazy\" decoding=\"async\" class=\"alignnone size-full wp-image-1382\" title=\"environnement\" src=\"https:\/\/www.mafuturemaison.fr\/dossier\/wp-content\/uploads\/2012\/06\/environnement.jpg\" alt=\"\" width=\"640\" height=\"300\" srcset=\"https:\/\/www.mafuturemaison.fr\/dossier\/wp-content\/uploads\/2012\/06\/environnement.jpg 640w, https:\/\/www.mafuturemaison.fr\/dossier\/wp-content\/uploads\/2012\/06\/environnement-150x70.jpg 150w, https:\/\/www.mafuturemaison.fr\/dossier\/wp-content\/uploads\/2012\/06\/environnement-300x140.jpg 300w\" sizes=\"auto, (max-width: 640px) 100vw, 640px\" \/><\/p>\n<p>Avant son \u00e9lection, Fran\u00e7ois Hollande avait \u00e9voqu\u00e9 pendant sa campagne sa volont\u00e9 de remettre le <strong>Grenelle<\/strong> de l\u2019Environnement sur l\u2019agenda politique de son futur gouvernement, pour en favoriser l\u2019application et la mise en \u0153uvre.<\/p>\n<p>La ministre de l\u2019<strong>Ecologie<\/strong> a donc commenc\u00e9 \u00e0 s\u2019atteler \u00e0 cette t\u00e2che, en r\u00e9unissant les acteurs du Grenelle constitu\u00e9 en comit\u00e9 national du d\u00e9veloppement durable et du Grenelle de l\u2019Environnement, pour faire un \u00e9tat des lieux.<\/p>\n<p>Ensuite, la nouvelle ministre a communiqu\u00e9 \u00e0 la presse son intention d\u2019organiser une conf\u00e9rence environnementale au mois de juillet prochain. Elle r\u00e9unira diff\u00e9rents corps, comme l\u2019Etat, les collectivit\u00e9s, les entreprises, les syndicats des secteurs concern\u00e9s par le Grenelle, mais aussi des parlementaires et des organisations non-gouvernementales.<\/p>\n<p>La ministre Nicole Bricq a affirm\u00e9 un positionnement volontaire et constructif, soulignant que son \u00ab\u00a0ambition est de placer le dialogue environnemental au m\u00eame niveau que le dialogue social\u00a0\u00bb, faisant de l\u2019\u00e9cologie un domaine de ex\u00e9cutif \u00e0 part enti\u00e8re.<\/p>\n<p>Le <a href=\"http:\/\/www.mafuturemaison.fr\/annuaire-professionnel\/\">secteur de la construction<\/a> est concern\u00e9, consid\u00e9r\u00e9\u00a0comme\u00a0un des plus gros consommateurs d&rsquo;\u00e9nergie lors de la derni\u00e8re session du Grenelle.<\/p>\n<p>La r\u00e9union de tous ces acteurs permettra d\u2019\u00e9laborer un plan d\u2019action pour les prochains mois, et d\u2019identifier les priorit\u00e9s et les moyens d\u2019actions correspondants.<\/p>\n<p>Selon la ministre, les questions relatives \u00e0 \u00ab\u00a0l\u2019\u00e9nergie\u00a0\u00bb, la \u00ab\u00a0biodiversit\u00e9\u00a0\u00bb, et \u00ab\u00a0l&rsquo;\u00e9mergence de nouveaux mod\u00e8les de financement\u00a0\u00bb sont les premi\u00e8res \u00e0 traiter, \u00e0 la fois parce qu\u2019elles pr\u00e9parent les suivantes, et parce qu\u2019il est n\u00e9cessaire d\u2019appliquer des mesures \u00e0 ce sujet, qui ne l\u2019ont pas \u00e9t\u00e9 jusque l\u00e0.<\/p>\n<p>La date d\u00e9finitive sera communiqu\u00e9e par le minist\u00e8re d\u2019ici quelques semaines.<\/p>\n<p>A.C.<\/p>\n<p><strong><img loading=\"lazy\" decoding=\"async\" class=\"alignleft  wp-image-3725\" src=\"http:\/\/www.bienconstruire.net\/wp-content\/uploads\/2015\/03\/maisonMFM.jpg\" alt=\"ma future maison\" width=\"144\" height=\"114\" \/><\/strong><strong>Vous souhaitez faire construire votre maison ?<\/strong><\/p>\n<p>Consultez les diff\u00e9rents <a title=\"modeles maisons\" href=\"http:\/\/www.mafuturemaison.fr\/modele-maison\/\" target=\"_blank\">catalogues de mod\u00e8les de nos constructeurs<\/a>, ou les <a title=\"fiches modeles maisons\" href=\"http:\/\/www.bienconstruire.net\/fiches-modele-de-maison-a-telecharger\/\" target=\"_blank\">fiches des diff\u00e9rents mod\u00e8les<\/a>, qui vous aideront \u00e0 faire votre choix.<br \/>\nNous vous proposons \u00e9galement de nombreuses <a title=\"annonces terrains\" href=\"http:\/\/www.mafuturemaison.fr\/annonce\/terrain-a-vendre\" target=\"_blank\">annonces de terrains \u00e0 b\u00e2tir<\/a>, ou d\u2019<a title=\"annonces terrain+maison\" href=\"http:\/\/www.mafuturemaison.fr\/annonce\/maison-neuve\" target=\"_blank\">op\u00e9rations terrain + maison<\/a> pour concr\u00e9tiser votre projet.<\/p>\n","protected":false},"excerpt":{"rendered":"<p>Avant son \u00e9lection, Fran\u00e7ois Hollande avait \u00e9voqu\u00e9 pendant sa campagne sa volont\u00e9 de remettre le Grenelle de l\u2019Environnement sur l\u2019agenda politique de son futur gouvernement, pour en favoriser l\u2019application et la mise en \u0153uvre. La ministre de l\u2019Ecologie a donc commenc\u00e9 \u00e0 s\u2019atteler \u00e0 cette t\u00e2che, en r\u00e9unissant les acteurs du Grenelle constitu\u00e9 en comit\u00e9 &hellip;<\/p>\n","protected":false},"author":1,"featured_media":2949,"comment_status":"open","ping_status":"open","sticky":false,"template":"","format":"standard","meta":{"footnotes":""},"categories":[5,2,3,14],"tags":[141,287],"class_list":["post-1381","post","type-post","status-publish","format-standard","has-post-thumbnail","hentry","category-actualites","category-construire","category-energie","category-reglementations","tag-ecologie","tag-grenelle"],"yoast_head":"<!-- This site is optimized with the Yoast SEO plugin v25.8 - https:\/\/yoast.com\/wordpress\/plugins\/seo\/ -->\n<title>Le Grenelle de l\u2019Environnement prioritaire pour le nouveau minist\u00e8re de l\u2019Ecologie - Ma Future Maison<\/title>\n<meta name=\"robots\" content=\"index, follow, max-snippet:-1, max-image-preview:large, max-video-preview:-1\" \/>\n<link rel=\"canonical\" href=\"https:\/\/www.mafuturemaison.fr\/dossier\/construire\/le-grenelle-de-lenvironnement-prioritaire-pour-le-nouveau-ministere-de-lecologie\/\" \/>\n<meta property=\"og:locale\" content=\"fr_FR\" \/>\n<meta property=\"og:type\" content=\"article\" \/>\n<meta property=\"og:title\" content=\"Le Grenelle de l\u2019Environnement prioritaire pour le nouveau minist\u00e8re de l\u2019Ecologie - Ma Future Maison\" \/>\n<meta property=\"og:description\" content=\"Avant son \u00e9lection, Fran\u00e7ois Hollande avait \u00e9voqu\u00e9 pendant sa campagne sa volont\u00e9 de remettre le Grenelle de l\u2019Environnement sur l\u2019agenda politique de son futur gouvernement, pour en favoriser l\u2019application et la mise en \u0153uvre. La ministre de l\u2019Ecologie a donc commenc\u00e9 \u00e0 s\u2019atteler \u00e0 cette t\u00e2che, en r\u00e9unissant les acteurs du Grenelle constitu\u00e9 en comit\u00e9 &hellip;\" \/>\n<meta property=\"og:url\" content=\"https:\/\/www.mafuturemaison.fr\/dossier\/construire\/le-grenelle-de-lenvironnement-prioritaire-pour-le-nouveau-ministere-de-lecologie\/\" \/>\n<meta property=\"og:site_name\" content=\"Ma Future Maison\" \/>\n<meta property=\"article:publisher\" content=\"https:\/\/www.facebook.com\/MaFutureMaison\/\" \/>\n<meta property=\"article:published_time\" content=\"2012-06-15T11:03:05+00:00\" \/>\n<meta property=\"article:modified_time\" content=\"2015-09-03T11:44:43+00:00\" \/>\n<meta property=\"og:image\" content=\"https:\/\/www.mafuturemaison.fr\/dossier\/wp-content\/uploads\/2014\/05\/Grenelle_environnement-logo.jpg\" \/>\n\t<meta property=\"og:image:width\" content=\"340\" \/>\n\t<meta property=\"og:image:height\" content=\"327\" \/>\n\t<meta property=\"og:image:type\" content=\"image\/jpeg\" \/>\n<meta name=\"author\" content=\"Cl\u00e9ment\" \/>\n<meta name=\"twitter:card\" content=\"summary_large_image\" \/>\n<meta name=\"twitter:label1\" content=\"\u00c9crit par\" \/>\n\t<meta name=\"twitter:data1\" content=\"Cl\u00e9ment\" \/>\n\t<meta name=\"twitter:label2\" content=\"Dur\u00e9e de lecture estim\u00e9e\" \/>\n\t<meta name=\"twitter:data2\" content=\"2 minutes\" \/>\n<script type=\"application\/ld+json\" class=\"yoast-schema-graph\">{\"@context\":\"https:\/\/schema.org\",\"@graph\":[{\"@type\":\"WebPage\",\"@id\":\"https:\/\/www.mafuturemaison.fr\/dossier\/construire\/le-grenelle-de-lenvironnement-prioritaire-pour-le-nouveau-ministere-de-lecologie\/\",\"url\":\"https:\/\/www.mafuturemaison.fr\/dossier\/construire\/le-grenelle-de-lenvironnement-prioritaire-pour-le-nouveau-ministere-de-lecologie\/\",\"name\":\"Le Grenelle de l\u2019Environnement prioritaire pour le nouveau minist\u00e8re de l\u2019Ecologie - Ma Future Maison\",\"isPartOf\":{\"@id\":\"https:\/\/www.mafuturemaison.fr\/dossier\/#website\"},\"primaryImageOfPage\":{\"@id\":\"https:\/\/www.mafuturemaison.fr\/dossier\/construire\/le-grenelle-de-lenvironnement-prioritaire-pour-le-nouveau-ministere-de-lecologie\/#primaryimage\"},\"image\":{\"@id\":\"https:\/\/www.mafuturemaison.fr\/dossier\/construire\/le-grenelle-de-lenvironnement-prioritaire-pour-le-nouveau-ministere-de-lecologie\/#primaryimage\"},\"thumbnailUrl\":\"https:\/\/www.mafuturemaison.fr\/dossier\/wp-content\/uploads\/2014\/05\/Grenelle_environnement-logo.jpg\",\"datePublished\":\"2012-06-15T11:03:05+00:00\",\"dateModified\":\"2015-09-03T11:44:43+00:00\",\"author\":{\"@id\":\"https:\/\/www.mafuturemaison.fr\/dossier\/#\/schema\/person\/f994f1f3783d6073b7eb98c4ff13e131\"},\"breadcrumb\":{\"@id\":\"https:\/\/www.mafuturemaison.fr\/dossier\/construire\/le-grenelle-de-lenvironnement-prioritaire-pour-le-nouveau-ministere-de-lecologie\/#breadcrumb\"},\"inLanguage\":\"fr-FR\",\"potentialAction\":[{\"@type\":\"ReadAction\",\"target\":[\"https:\/\/www.mafuturemaison.fr\/dossier\/construire\/le-grenelle-de-lenvironnement-prioritaire-pour-le-nouveau-ministere-de-lecologie\/\"]}]},{\"@type\":\"ImageObject\",\"inLanguage\":\"fr-FR\",\"@id\":\"https:\/\/www.mafuturemaison.fr\/dossier\/construire\/le-grenelle-de-lenvironnement-prioritaire-pour-le-nouveau-ministere-de-lecologie\/#primaryimage\",\"url\":\"https:\/\/www.mafuturemaison.fr\/dossier\/wp-content\/uploads\/2014\/05\/Grenelle_environnement-logo.jpg\",\"contentUrl\":\"https:\/\/www.mafuturemaison.fr\/dossier\/wp-content\/uploads\/2014\/05\/Grenelle_environnement-logo.jpg\",\"width\":\"340\",\"height\":\"327\"},{\"@type\":\"BreadcrumbList\",\"@id\":\"https:\/\/www.mafuturemaison.fr\/dossier\/construire\/le-grenelle-de-lenvironnement-prioritaire-pour-le-nouveau-ministere-de-lecologie\/#breadcrumb\",\"itemListElement\":[{\"@type\":\"ListItem\",\"position\":1,\"name\":\"Accueil\",\"item\":\"https:\/\/www.mafuturemaison.fr\/dossier\/\"},{\"@type\":\"ListItem\",\"position\":2,\"name\":\"Le Grenelle de l\u2019Environnement prioritaire pour le nouveau minist\u00e8re de l\u2019Ecologie\"}]},{\"@type\":\"WebSite\",\"@id\":\"https:\/\/www.mafuturemaison.fr\/dossier\/#website\",\"url\":\"https:\/\/www.mafuturemaison.fr\/dossier\/\",\"name\":\"Ma Future Maison\",\"description\":\"Conseils et annonces pour faire construire sa maison\",\"potentialAction\":[{\"@type\":\"SearchAction\",\"target\":{\"@type\":\"EntryPoint\",\"urlTemplate\":\"https:\/\/www.mafuturemaison.fr\/dossier\/?s={search_term_string}\"},\"query-input\":{\"@type\":\"PropertyValueSpecification\",\"valueRequired\":true,\"valueName\":\"search_term_string\"}}],\"inLanguage\":\"fr-FR\"},{\"@type\":\"Person\",\"@id\":\"https:\/\/www.mafuturemaison.fr\/dossier\/#\/schema\/person\/f994f1f3783d6073b7eb98c4ff13e131\",\"name\":\"Cl\u00e9ment\",\"image\":{\"@type\":\"ImageObject\",\"inLanguage\":\"fr-FR\",\"@id\":\"https:\/\/www.mafuturemaison.fr\/dossier\/#\/schema\/person\/image\/\",\"url\":\"https:\/\/secure.gravatar.com\/avatar\/ec243a4040373b27c6399de0bb4b792b?s=96&d=mm&r=g\",\"contentUrl\":\"https:\/\/secure.gravatar.com\/avatar\/ec243a4040373b27c6399de0bb4b792b?s=96&d=mm&r=g\",\"caption\":\"Cl\u00e9ment\"},\"url\":\"https:\/\/www.mafuturemaison.fr\/dossier\/author\/admin\/\"}]}<\/script>\n<!-- \/ Yoast SEO plugin. -->","yoast_head_json":{"title":"Le Grenelle de l\u2019Environnement prioritaire pour le nouveau minist\u00e8re de l\u2019Ecologie - Ma Future Maison","robots":{"index":"index","follow":"follow","max-snippet":"max-snippet:-1","max-image-preview":"max-image-preview:large","max-video-preview":"max-video-preview:-1"},"canonical":"https:\/\/www.mafuturemaison.fr\/dossier\/construire\/le-grenelle-de-lenvironnement-prioritaire-pour-le-nouveau-ministere-de-lecologie\/","og_locale":"fr_FR","og_type":"article","og_title":"Le Grenelle de l\u2019Environnement prioritaire pour le nouveau minist\u00e8re de l\u2019Ecologie - Ma Future Maison","og_description":"Avant son \u00e9lection, Fran\u00e7ois Hollande avait \u00e9voqu\u00e9 pendant sa campagne sa volont\u00e9 de remettre le Grenelle de l\u2019Environnement sur l\u2019agenda politique de son futur gouvernement, pour en favoriser l\u2019application et la mise en \u0153uvre. La ministre de l\u2019Ecologie a donc commenc\u00e9 \u00e0 s\u2019atteler \u00e0 cette t\u00e2che, en r\u00e9unissant les acteurs du Grenelle constitu\u00e9 en comit\u00e9 &hellip;","og_url":"https:\/\/www.mafuturemaison.fr\/dossier\/construire\/le-grenelle-de-lenvironnement-prioritaire-pour-le-nouveau-ministere-de-lecologie\/","og_site_name":"Ma Future Maison","article_publisher":"https:\/\/www.facebook.com\/MaFutureMaison\/","article_published_time":"2012-06-15T11:03:05+00:00","article_modified_time":"2015-09-03T11:44:43+00:00","og_image":[{"width":340,"height":327,"url":"https:\/\/www.mafuturemaison.fr\/dossier\/wp-content\/uploads\/2014\/05\/Grenelle_environnement-logo.jpg","type":"image\/jpeg"}],"author":"Cl\u00e9ment","twitter_card":"summary_large_image","twitter_misc":{"\u00c9crit par":"Cl\u00e9ment","Dur\u00e9e de lecture estim\u00e9e":"2 minutes"},"schema":{"@context":"https:\/\/schema.org","@graph":[{"@type":"WebPage","@id":"https:\/\/www.mafuturemaison.fr\/dossier\/construire\/le-grenelle-de-lenvironnement-prioritaire-pour-le-nouveau-ministere-de-lecologie\/","url":"https:\/\/www.mafuturemaison.fr\/dossier\/construire\/le-grenelle-de-lenvironnement-prioritaire-pour-le-nouveau-ministere-de-lecologie\/","name":"Le Grenelle de l\u2019Environnement prioritaire pour le nouveau minist\u00e8re de l\u2019Ecologie - Ma Future Maison","isPartOf":{"@id":"https:\/\/www.mafuturemaison.fr\/dossier\/#website"},"primaryImageOfPage":{"@id":"https:\/\/www.mafuturemaison.fr\/dossier\/construire\/le-grenelle-de-lenvironnement-prioritaire-pour-le-nouveau-ministere-de-lecologie\/#primaryimage"},"image":{"@id":"https:\/\/www.mafuturemaison.fr\/dossier\/construire\/le-grenelle-de-lenvironnement-prioritaire-pour-le-nouveau-ministere-de-lecologie\/#primaryimage"},"thumbnailUrl":"https:\/\/www.mafuturemaison.fr\/dossier\/wp-content\/uploads\/2014\/05\/Grenelle_environnement-logo.jpg","datePublished":"2012-06-15T11:03:05+00:00","dateModified":"2015-09-03T11:44:43+00:00","author":{"@id":"https:\/\/www.mafuturemaison.fr\/dossier\/#\/schema\/person\/f994f1f3783d6073b7eb98c4ff13e131"},"breadcrumb":{"@id":"https:\/\/www.mafuturemaison.fr\/dossier\/construire\/le-grenelle-de-lenvironnement-prioritaire-pour-le-nouveau-ministere-de-lecologie\/#breadcrumb"},"inLanguage":"fr-FR","potentialAction":[{"@type":"ReadAction","target":["https:\/\/www.mafuturemaison.fr\/dossier\/construire\/le-grenelle-de-lenvironnement-prioritaire-pour-le-nouveau-ministere-de-lecologie\/"]}]},{"@type":"ImageObject","inLanguage":"fr-FR","@id":"https:\/\/www.mafuturemaison.fr\/dossier\/construire\/le-grenelle-de-lenvironnement-prioritaire-pour-le-nouveau-ministere-de-lecologie\/#primaryimage","url":"https:\/\/www.mafuturemaison.fr\/dossier\/wp-content\/uploads\/2014\/05\/Grenelle_environnement-logo.jpg","contentUrl":"https:\/\/www.mafuturemaison.fr\/dossier\/wp-content\/uploads\/2014\/05\/Grenelle_environnement-logo.jpg","width":"340","height":"327"},{"@type":"BreadcrumbList","@id":"https:\/\/www.mafuturemaison.fr\/dossier\/construire\/le-grenelle-de-lenvironnement-prioritaire-pour-le-nouveau-ministere-de-lecologie\/#breadcrumb","itemListElement":[{"@type":"ListItem","position":1,"name":"Accueil","item":"https:\/\/www.mafuturemaison.fr\/dossier\/"},{"@type":"ListItem","position":2,"name":"Le Grenelle de l\u2019Environnement prioritaire pour le nouveau minist\u00e8re de l\u2019Ecologie"}]},{"@type":"WebSite","@id":"https:\/\/www.mafuturemaison.fr\/dossier\/#website","url":"https:\/\/www.mafuturemaison.fr\/dossier\/","name":"Ma Future Maison","description":"Conseils et annonces pour faire construire sa maison","potentialAction":[{"@type":"SearchAction","target":{"@type":"EntryPoint","urlTemplate":"https:\/\/www.mafuturemaison.fr\/dossier\/?s={search_term_string}"},"query-input":{"@type":"PropertyValueSpecification","valueRequired":true,"valueName":"search_term_string"}}],"inLanguage":"fr-FR"},{"@type":"Person","@id":"https:\/\/www.mafuturemaison.fr\/dossier\/#\/schema\/person\/f994f1f3783d6073b7eb98c4ff13e131","name":"Cl\u00e9ment","image":{"@type":"ImageObject","inLanguage":"fr-FR","@id":"https:\/\/www.mafuturemaison.fr\/dossier\/#\/schema\/person\/image\/","url":"https:\/\/secure.gravatar.com\/avatar\/ec243a4040373b27c6399de0bb4b792b?s=96&d=mm&r=g","contentUrl":"https:\/\/secure.gravatar.com\/avatar\/ec243a4040373b27c6399de0bb4b792b?s=96&d=mm&r=g","caption":"Cl\u00e9ment"},"url":"https:\/\/www.mafuturemaison.fr\/dossier\/author\/admin\/"}]}},"_links":{"self":[{"href":"https:\/\/www.mafuturemaison.fr\/dossier\/wp-json\/wp\/v2\/posts\/1381","targetHints":{"allow":["GET"]}}],"collection":[{"href":"https:\/\/www.mafuturemaison.fr\/dossier\/wp-json\/wp\/v2\/posts"}],"about":[{"href":"https:\/\/www.mafuturemaison.fr\/dossier\/wp-json\/wp\/v2\/types\/post"}],"author":[{"embeddable":true,"href":"https:\/\/www.mafuturemaison.fr\/dossier\/wp-json\/wp\/v2\/users\/1"}],"replies":[{"embeddable":true,"href":"https:\/\/www.mafuturemaison.fr\/dossier\/wp-json\/wp\/v2\/comments?post=1381"}],"version-history":[{"count":5,"href":"https:\/\/www.mafuturemaison.fr\/dossier\/wp-json\/wp\/v2\/posts\/1381\/revisions"}],"predecessor-version":[{"id":4765,"href":"https:\/\/www.mafuturemaison.fr\/dossier\/wp-json\/wp\/v2\/posts\/1381\/revisions\/4765"}],"wp:featuredmedia":[{"embeddable":true,"href":"https:\/\/www.mafuturemaison.fr\/dossier\/wp-json\/wp\/v2\/media\/2949"}],"wp:attachment":[{"href":"https:\/\/www.mafuturemaison.fr\/dossier\/wp-json\/wp\/v2\/media?parent=1381"}],"wp:term":[{"taxonomy":"category","embeddable":true,"href":"https:\/\/www.mafuturemaison.fr\/dossier\/wp-json\/wp\/v2\/categories?post=1381"},{"taxonomy":"post_tag","embeddable":true,"href":"https:\/\/www.mafuturemaison.fr\/dossier\/wp-json\/wp\/v2\/tags?post=1381"}],"curies":[{"name":"wp","href":"https:\/\/api.w.org\/{rel}","templated":true}]}}