{"id":799,"date":"2011-09-15T12:21:25","date_gmt":"2011-09-15T10:21:25","guid":{"rendered":"http:\/\/www.mafuturemaison.fr\/dossier\/?p=799"},"modified":"2015-09-02T12:27:32","modified_gmt":"2015-09-02T10:27:32","slug":"leurope-natteindra-pas-ses-objectifs-de-20-denergies-renouvelables-dici-2020","status":"publish","type":"post","link":"https:\/\/www.mafuturemaison.fr\/dossier\/energie\/leurope-natteindra-pas-ses-objectifs-de-20-denergies-renouvelables-dici-2020\/","title":{"rendered":"L\u2019Europe n\u2019atteindra pas ses objectifs de 20% d\u2019\u00e9nergies renouvelables d\u2019ici 2020 !"},"content":{"rendered":"<p><strong><a href=\"https:\/\/www.mafuturemaison.fr\/dossier\/2011\/09\/leurope-natteindra-pas-ses-objectifs-de-20-denergies-renouvelables-dici-2020\/johnhollick\/\" rel=\"attachment wp-att-801\"><img loading=\"lazy\" decoding=\"async\" class=\"alignleft size-full wp-image-801\" title=\"JohnHollick\" src=\"https:\/\/www.mafuturemaison.fr\/dossier\/wp-content\/uploads\/2011\/09\/JohnHollick.jpg\" alt=\"John Hollick\" width=\"137\" height=\"106\" srcset=\"https:\/\/www.mafuturemaison.fr\/dossier\/wp-content\/uploads\/2011\/09\/JohnHollick.jpg 155w, https:\/\/www.mafuturemaison.fr\/dossier\/wp-content\/uploads\/2011\/09\/JohnHollick-150x115.jpg 150w\" sizes=\"auto, (max-width: 137px) 100vw, 137px\" \/><\/a><\/strong>Paris, le 14 septembre 2011<\/p>\n<blockquote><p>\u00ab A cause d&rsquo;une simple erreur de d\u00e9finition du Parlement Europ\u00e9en, l\u2019Europe ne sera pas en mesure d\u2019atteindre son objectif de fournir 20% de son \u00e9nergie \u00e0 partir d&rsquo;<strong>\u00e9nergies renouvelables<\/strong> d\u2019ici 2020\u00bb<\/p><\/blockquote>\n<p>d\u00e9clare John Hollick, PDG de <a href=\"http:\/\/solarwall.com\/fr\/accueil.php?lang=FR\" target=\"_blank\">SolarWall<\/a> Europe et pr\u00e9sident de SAHWIA, Association Mondiale de l\u2019Industrie du Chauffage Solaire de l\u2019Air.<\/p>\n<p>Le b\u00e2timent \u2013 chauffage, alimentation refroidissement \u2013 repr\u00e9sente la plus grande source d&rsquo;\u00e9missions de gaz \u00e0 effet de serre, d\u2019o\u00f9 l\u2019objectif de l&rsquo;Union Europ\u00e9enne d\u2019atteindre les 20% d\u2019\u00e9nergies renouvelables.<br \/>\nA la suite d\u2019un retournement de situation inexpliqu\u00e9, la Directive Europ\u00e9enne sur les \u00e9nergies renouvelables, a retir\u00e9 de sa liste des technologies solaires approuv\u00e9es, le chauffage solaire de l\u2019air. Et pourtant, cette technologie permet de r\u00e9guler l\u2019utilisation de l\u2019\u00e9nergie dans le b\u00e2timent, \u00e0 savoir le chauffage de locaux et le chauffage industriel.<\/p>\n<p>Cette d\u00e9cision est d\u2019autant plus surprenante que les technologies de chauffage <strong>photovolta\u00efque<\/strong> de l\u2019air permettent un retour sur investissement plus rapide que n\u2019importe quelle autre technologie solaire. Ces proc\u00e9d\u00e9s ont d\u2019ailleurs \u00e9t\u00e9 largement utilis\u00e9s et d\u00e9clin\u00e9s ses 20 derni\u00e8res ann\u00e9es, dans des pays du monde entier, en particulier au Canada et aux Etats-Unis, pour des clients comme Sainsbury, Auchan, Wal-Mart, Ford, Jaguar\/Land Rover, Toyota ou l\u2019Arm\u00e9e Am\u00e9ricaine.<\/p>\n<p>Cette erreur a \u00e9t\u00e9 mise en \u00e9vidence lors de la pr\u00e9sentation par le gouvernement britannique du RHI (Renewable Heat Incentive) &#8211; mesure de soutien au chauffage renouvelable &#8211; qui exclut sp\u00e9cifiquement le chauffage solaire de l\u2019air.<br \/>\nLorsque cet oubli a \u00e9t\u00e9 mentionn\u00e9 \u00e0 Greg Barker, Secr\u00e9taire d\u2019Etat de l\u2019Energie et du Changement Climatique, responsable du chauffage et du RHI, son d\u00e9partement a r\u00e9pondu :<\/p>\n<blockquote><p>\u00ab L\u2019objectif principal du RHI est d\u2019encourager l\u2019installation d\u2019\u00e9quipements de chauffage renouvelable ainsi que la production de chaleur renouvelable, pour que le Royaume-Uni puisse r\u00e9pondre aux objectifs de 2020 fix\u00e9s par l\u2019Union Europ\u00e9enne. Par cons\u00e9quent, le RHI ne comprend que les technologies consid\u00e9r\u00e9es comme renouvelables par la Commission Europ\u00e9enne.\u00bb<\/p><\/blockquote>\n<p>La cons\u00e9quence de cette d\u00e9cision est que, ni le Royaume-Uni, ni l\u2019Europe ne seront capables d\u2019atteindre les objectifs fix\u00e9s, puisqu\u2019ils ne poss\u00e8dent pas les outils adapt\u00e9s pour diminuer le chauffage des b\u00e2timents commerciaux, industriels et agricoles.<\/p>\n<p>De plus, les syst\u00e8mes photovolta\u00efques et de chauffage solaire de l\u2019eau sont beaucoup plus on\u00e9reux et produisent moins d&rsquo;\u00e9nergie que le chauffage solaire de l\u2019air. La d\u00e9cision d\u2019exclure une technologie solaire, nettement plus rentable pour les utilisateurs finaux, est donc difficilement compr\u00e9hensible, en particulier dans une p\u00e9riode de restrictions fiscales et budg\u00e9taires.<\/p>\n<p>Cette d\u00e9cision contredit \u00e9galement les objectifs d\u00e9clar\u00e9s du RHI britannique : \u00ab Nous devons travailler dur pour supprimer les freins \u00e0 la g\u00e9n\u00e9ralisation des \u00e9nergies renouvelables\u2026 Ce soutien peut permettre d\u00e8s aujourd\u2019hui l\u2019essor des \u00e9nergies renouvelables, stimuler cette industrie, encourager davantage l\u2019innovation et r\u00e9duire finalement le co\u00fbt du chauffage renouvelable. \u00bb<\/p>\n<p>Malheureusement, le RHI aura l\u2019effet inverse : \u00ab Les syst\u00e8mes viables de chauffage solaire de l\u2019air sont exclus au profit de syst\u00e8mes de chauffage solaire de l\u2019eau plus couteux, sous pr\u00e9texte que ces derniers sont reconnus par l\u2019UE. En plus de freiner l\u2019innovation et la g\u00e9n\u00e9ralisation du chauffage solaire, cette exclusion, emp\u00eachera \u00e0 coup s\u00fbr le Royaume-Uni d\u2019atteindre ses objectifs en 2020 puisqu\u2019il s\u2019appuie sur des technologies on\u00e9reuses qui ne prennent pas en compte les utilisations les plus r\u00e9pandues de l\u2019\u00e9nergie.\u00bb conclut John Hollick.<\/p>\n<p><span style=\"color: #003300;\">\u00c0 propos de SAHWIA, L\u2019Association Mondiale de l\u2019Industrie du Chauffage Solaire de l\u2019Air<\/span><br \/>\n<a href=\"http:\/\/sahwia.org\/\" target=\"_blank\">SAHWIA <\/a>est l&rsquo;association qui repr\u00e9sente les entreprises engag\u00e9es dans la fabrication, la commercialisation, l&rsquo;installation et la vente de technologies de chauffage solaire de l&rsquo;air en Europe et en Am\u00e9rique du Nord. Son objectif est de promouvoir les avantages, les applications, et la n\u00e9cessit\u00e9 du chauffage solaire de l&rsquo;air, ainsi que d\u2019aider \u00e0 \u00e9laborer les politiques et programmes gouvernementaux n\u00e9cessaires pour soutenir et acc\u00e9l\u00e9rer l&rsquo;utilisation g\u00e9n\u00e9ralis\u00e9e du chauffage solaire de l&rsquo;air \u00e0 travers le monde.<br \/>\nPour plus d&rsquo;informations sur le chauffage solaire de l&rsquo;air, visitez <a href=\"http:\/\/www.solarairheating.org\" target=\"_blank\">www.solarairheating.org<\/a> ou contactez <a href=\"mailto:info@solarairheating.org\">info@solarairheating.org<\/a><\/p>\n<p><span style=\"color: #003300;\">\u00c0 propos de SolarWall Europe <\/span>&#8211; <a href=\"http:\/\/www.solarwall.com\/fr\" target=\"_blank\">www.solarwall.com\/fr<br \/>\n<\/a> Conserval Engineering est une soci\u00e9t\u00e9 d&rsquo;ing\u00e9nierie et de distribution canadienne localis\u00e9e \u00e0 Toronto qui a invent\u00e9 la technologie du chauffage solaire de l&rsquo;air pour les b\u00e2timents de grands volumes appel\u00e9e le <a href=\"http:\/\/solarwall.com\/fr\/accueil.php?lang=FR\" target=\"_blank\"><span style=\"color: #000000;\">SolarWall<strong>\u00ae<\/strong><\/span>. SolarWall Europe,<\/a> une division europ\u00e9enne de Conserval Engineering, a son si\u00e8ge social \u00e0 Paris.<\/p>\n<p>Le SolarWall\u00ae est une technologie con\u00e7ue sur mesure qui offre des retours surinvestissement les plus courts de toutes les technologies solaires thermiques pour les applications industrielles. La technologie SolarWall\u00ae a re\u00e7u des \u00e9loges et des recommandations \u00e0 la fois des d\u00e9partements \u00e9nerg\u00e9tiques canadiens et am\u00e9ricains pour ses performances et sa conception.<\/p>\n<p>Le syst\u00e8me SolarWall\u00ae est con\u00e7u en direction des entreprises priv\u00e9es et des collectivit\u00e9s publiques telles que les mairies de Fontainebleau et de Montm\u00e9lian, les Syndicats mixtes et les conseils r\u00e9gionaux, le Centre de Tri La Poste etc. Mais aussi \u00e0 d&rsquo;importantes organisations multinationales et gouvernementales dans 30 pays depuis les 20 derni\u00e8res ann\u00e9es incluant Auchan, la NASA, FORD, General Motors, Bombardier, Wal-Mart, Prologis, 3M, l&rsquo;arm\u00e9e Am\u00e9ricaine, etc.<\/p>\n<p>Pour plus d\u2019informations, merci de contacter le service de presse :<\/p>\n<p>Contacts prese \u2013 Open2Europe<\/p>\n<p>Justine Valin &#8211; 01 55 02 27 83 &#8211;<a href=\"mailto:j.valin@open2europe.com\"> j.valin@open2europe.com<\/a><br \/>\nCaroline Vallette &#8211; 01 55 02 15 21 &#8211; <a href=\"mailto:c.vallette@open2europe.com\">c.vallette@open2europe.com<\/a><\/p>\n<p><a href=\"http:\/\/sahwia.org\/\" target=\"_blank\"><img loading=\"lazy\" decoding=\"async\" class=\"alignnone size-full wp-image-837\" title=\"sahwia\" src=\"https:\/\/www.mafuturemaison.fr\/dossier\/wp-content\/uploads\/2011\/09\/sahwia.jpg\" alt=\"\" width=\"207\" height=\"71\" srcset=\"https:\/\/www.mafuturemaison.fr\/dossier\/wp-content\/uploads\/2011\/09\/sahwia.jpg 207w, https:\/\/www.mafuturemaison.fr\/dossier\/wp-content\/uploads\/2011\/09\/sahwia-150x51.jpg 150w\" sizes=\"auto, (max-width: 207px) 100vw, 207px\" \/><\/a> <a href=\"http:\/\/solarwall.com\/fr\/accueil.php?lang=FR\" target=\"_blank\"><img loading=\"lazy\" decoding=\"async\" class=\"alignnone size-full wp-image-838\" title=\"solar\" src=\"https:\/\/www.mafuturemaison.fr\/dossier\/wp-content\/uploads\/2011\/09\/solar.jpg\" alt=\"\" width=\"171\" height=\"86\" srcset=\"https:\/\/www.mafuturemaison.fr\/dossier\/wp-content\/uploads\/2011\/09\/solar.jpg 171w, https:\/\/www.mafuturemaison.fr\/dossier\/wp-content\/uploads\/2011\/09\/solar-150x75.jpg 150w\" sizes=\"auto, (max-width: 171px) 100vw, 171px\" \/><\/a><\/p>\n<p>&nbsp;<\/p>\n<p>&nbsp;<\/p>\n","protected":false},"excerpt":{"rendered":"<p>Paris, le 14 septembre 2011 \u00ab A cause d&rsquo;une simple erreur de d\u00e9finition du Parlement Europ\u00e9en, l\u2019Europe ne sera pas en mesure d\u2019atteindre son objectif de fournir 20% de son \u00e9nergie \u00e0 partir d&rsquo;\u00e9nergies renouvelables d\u2019ici 2020\u00bb d\u00e9clare John Hollick, PDG de SolarWall Europe et pr\u00e9sident de SAHWIA, Association Mondiale de l\u2019Industrie du Chauffage Solaire &hellip;<\/p>\n","protected":false},"author":1,"featured_media":834,"comment_status":"open","ping_status":"open","sticky":false,"template":"","format":"standard","meta":{"footnotes":""},"categories":[5,10,3,14,12,9],"tags":[212,213],"class_list":["post-799","post","type-post","status-publish","format-standard","has-post-thumbnail","hentry","category-actualites","category-chauffage","category-energie","category-reglementations","category-solaire","category-techniques-et-materiaux","tag-energies-renouvelables","tag-photovoltaique"],"yoast_head":"<!-- This site is optimized with the Yoast SEO plugin v25.8 - https:\/\/yoast.com\/wordpress\/plugins\/seo\/ -->\n<title>L\u2019Europe n\u2019atteindra pas ses objectifs de 20% d\u2019\u00e9nergies renouvelables d\u2019ici 2020 ! - Ma Future Maison<\/title>\n<meta name=\"robots\" content=\"index, follow, max-snippet:-1, max-image-preview:large, max-video-preview:-1\" \/>\n<link rel=\"canonical\" href=\"https:\/\/www.mafuturemaison.fr\/dossier\/energie\/leurope-natteindra-pas-ses-objectifs-de-20-denergies-renouvelables-dici-2020\/\" \/>\n<meta property=\"og:locale\" content=\"fr_FR\" \/>\n<meta property=\"og:type\" content=\"article\" \/>\n<meta property=\"og:title\" content=\"L\u2019Europe n\u2019atteindra pas ses objectifs de 20% d\u2019\u00e9nergies renouvelables d\u2019ici 2020 ! - Ma Future Maison\" \/>\n<meta property=\"og:description\" content=\"Paris, le 14 septembre 2011 \u00ab A cause d&rsquo;une simple erreur de d\u00e9finition du Parlement Europ\u00e9en, l\u2019Europe ne sera pas en mesure d\u2019atteindre son objectif de fournir 20% de son \u00e9nergie \u00e0 partir d&rsquo;\u00e9nergies renouvelables d\u2019ici 2020\u00bb d\u00e9clare John Hollick, PDG de SolarWall Europe et pr\u00e9sident de SAHWIA, Association Mondiale de l\u2019Industrie du Chauffage Solaire &hellip;\" \/>\n<meta property=\"og:url\" content=\"https:\/\/www.mafuturemaison.fr\/dossier\/energie\/leurope-natteindra-pas-ses-objectifs-de-20-denergies-renouvelables-dici-2020\/\" \/>\n<meta property=\"og:site_name\" content=\"Ma Future Maison\" \/>\n<meta property=\"article:publisher\" content=\"https:\/\/www.facebook.com\/MaFutureMaison\/\" \/>\n<meta property=\"article:published_time\" content=\"2011-09-15T10:21:25+00:00\" \/>\n<meta property=\"article:modified_time\" content=\"2015-09-02T10:27:32+00:00\" \/>\n<meta property=\"og:image\" content=\"https:\/\/www.mafuturemaison.fr\/dossier\/wp-content\/uploads\/2011\/09\/solarwall.jpg\" \/>\n\t<meta property=\"og:image:width\" content=\"171\" \/>\n\t<meta property=\"og:image:height\" content=\"171\" \/>\n\t<meta property=\"og:image:type\" content=\"image\/jpeg\" \/>\n<meta name=\"author\" content=\"Cl\u00e9ment\" \/>\n<meta name=\"twitter:card\" content=\"summary_large_image\" \/>\n<meta name=\"twitter:label1\" content=\"\u00c9crit par\" \/>\n\t<meta name=\"twitter:data1\" content=\"Cl\u00e9ment\" \/>\n\t<meta name=\"twitter:label2\" content=\"Dur\u00e9e de lecture estim\u00e9e\" \/>\n\t<meta name=\"twitter:data2\" content=\"5 minutes\" \/>\n<script type=\"application\/ld+json\" class=\"yoast-schema-graph\">{\"@context\":\"https:\/\/schema.org\",\"@graph\":[{\"@type\":\"WebPage\",\"@id\":\"https:\/\/www.mafuturemaison.fr\/dossier\/energie\/leurope-natteindra-pas-ses-objectifs-de-20-denergies-renouvelables-dici-2020\/\",\"url\":\"https:\/\/www.mafuturemaison.fr\/dossier\/energie\/leurope-natteindra-pas-ses-objectifs-de-20-denergies-renouvelables-dici-2020\/\",\"name\":\"L\u2019Europe n\u2019atteindra pas ses objectifs de 20% d\u2019\u00e9nergies renouvelables d\u2019ici 2020 ! - Ma Future Maison\",\"isPartOf\":{\"@id\":\"https:\/\/www.mafuturemaison.fr\/dossier\/#website\"},\"primaryImageOfPage\":{\"@id\":\"https:\/\/www.mafuturemaison.fr\/dossier\/energie\/leurope-natteindra-pas-ses-objectifs-de-20-denergies-renouvelables-dici-2020\/#primaryimage\"},\"image\":{\"@id\":\"https:\/\/www.mafuturemaison.fr\/dossier\/energie\/leurope-natteindra-pas-ses-objectifs-de-20-denergies-renouvelables-dici-2020\/#primaryimage\"},\"thumbnailUrl\":\"https:\/\/www.mafuturemaison.fr\/dossier\/wp-content\/uploads\/2011\/09\/solarwall.jpg\",\"datePublished\":\"2011-09-15T10:21:25+00:00\",\"dateModified\":\"2015-09-02T10:27:32+00:00\",\"author\":{\"@id\":\"https:\/\/www.mafuturemaison.fr\/dossier\/#\/schema\/person\/f994f1f3783d6073b7eb98c4ff13e131\"},\"breadcrumb\":{\"@id\":\"https:\/\/www.mafuturemaison.fr\/dossier\/energie\/leurope-natteindra-pas-ses-objectifs-de-20-denergies-renouvelables-dici-2020\/#breadcrumb\"},\"inLanguage\":\"fr-FR\",\"potentialAction\":[{\"@type\":\"ReadAction\",\"target\":[\"https:\/\/www.mafuturemaison.fr\/dossier\/energie\/leurope-natteindra-pas-ses-objectifs-de-20-denergies-renouvelables-dici-2020\/\"]}]},{\"@type\":\"ImageObject\",\"inLanguage\":\"fr-FR\",\"@id\":\"https:\/\/www.mafuturemaison.fr\/dossier\/energie\/leurope-natteindra-pas-ses-objectifs-de-20-denergies-renouvelables-dici-2020\/#primaryimage\",\"url\":\"https:\/\/www.mafuturemaison.fr\/dossier\/wp-content\/uploads\/2011\/09\/solarwall.jpg\",\"contentUrl\":\"https:\/\/www.mafuturemaison.fr\/dossier\/wp-content\/uploads\/2011\/09\/solarwall.jpg\",\"width\":\"171\",\"height\":\"171\",\"caption\":\"solarwall\"},{\"@type\":\"BreadcrumbList\",\"@id\":\"https:\/\/www.mafuturemaison.fr\/dossier\/energie\/leurope-natteindra-pas-ses-objectifs-de-20-denergies-renouvelables-dici-2020\/#breadcrumb\",\"itemListElement\":[{\"@type\":\"ListItem\",\"position\":1,\"name\":\"Accueil\",\"item\":\"https:\/\/www.mafuturemaison.fr\/dossier\/\"},{\"@type\":\"ListItem\",\"position\":2,\"name\":\"L\u2019Europe n\u2019atteindra pas ses objectifs de 20% d\u2019\u00e9nergies renouvelables d\u2019ici 2020 !\"}]},{\"@type\":\"WebSite\",\"@id\":\"https:\/\/www.mafuturemaison.fr\/dossier\/#website\",\"url\":\"https:\/\/www.mafuturemaison.fr\/dossier\/\",\"name\":\"Ma Future Maison\",\"description\":\"Conseils et annonces pour faire construire sa maison\",\"potentialAction\":[{\"@type\":\"SearchAction\",\"target\":{\"@type\":\"EntryPoint\",\"urlTemplate\":\"https:\/\/www.mafuturemaison.fr\/dossier\/?s={search_term_string}\"},\"query-input\":{\"@type\":\"PropertyValueSpecification\",\"valueRequired\":true,\"valueName\":\"search_term_string\"}}],\"inLanguage\":\"fr-FR\"},{\"@type\":\"Person\",\"@id\":\"https:\/\/www.mafuturemaison.fr\/dossier\/#\/schema\/person\/f994f1f3783d6073b7eb98c4ff13e131\",\"name\":\"Cl\u00e9ment\",\"image\":{\"@type\":\"ImageObject\",\"inLanguage\":\"fr-FR\",\"@id\":\"https:\/\/www.mafuturemaison.fr\/dossier\/#\/schema\/person\/image\/\",\"url\":\"https:\/\/secure.gravatar.com\/avatar\/ec243a4040373b27c6399de0bb4b792b?s=96&d=mm&r=g\",\"contentUrl\":\"https:\/\/secure.gravatar.com\/avatar\/ec243a4040373b27c6399de0bb4b792b?s=96&d=mm&r=g\",\"caption\":\"Cl\u00e9ment\"},\"url\":\"https:\/\/www.mafuturemaison.fr\/dossier\/author\/admin\/\"}]}<\/script>\n<!-- \/ Yoast SEO plugin. -->","yoast_head_json":{"title":"L\u2019Europe n\u2019atteindra pas ses objectifs de 20% d\u2019\u00e9nergies renouvelables d\u2019ici 2020 ! - Ma Future Maison","robots":{"index":"index","follow":"follow","max-snippet":"max-snippet:-1","max-image-preview":"max-image-preview:large","max-video-preview":"max-video-preview:-1"},"canonical":"https:\/\/www.mafuturemaison.fr\/dossier\/energie\/leurope-natteindra-pas-ses-objectifs-de-20-denergies-renouvelables-dici-2020\/","og_locale":"fr_FR","og_type":"article","og_title":"L\u2019Europe n\u2019atteindra pas ses objectifs de 20% d\u2019\u00e9nergies renouvelables d\u2019ici 2020 ! - Ma Future Maison","og_description":"Paris, le 14 septembre 2011 \u00ab A cause d&rsquo;une simple erreur de d\u00e9finition du Parlement Europ\u00e9en, l\u2019Europe ne sera pas en mesure d\u2019atteindre son objectif de fournir 20% de son \u00e9nergie \u00e0 partir d&rsquo;\u00e9nergies renouvelables d\u2019ici 2020\u00bb d\u00e9clare John Hollick, PDG de SolarWall Europe et pr\u00e9sident de SAHWIA, Association Mondiale de l\u2019Industrie du Chauffage Solaire &hellip;","og_url":"https:\/\/www.mafuturemaison.fr\/dossier\/energie\/leurope-natteindra-pas-ses-objectifs-de-20-denergies-renouvelables-dici-2020\/","og_site_name":"Ma Future Maison","article_publisher":"https:\/\/www.facebook.com\/MaFutureMaison\/","article_published_time":"2011-09-15T10:21:25+00:00","article_modified_time":"2015-09-02T10:27:32+00:00","og_image":[{"width":171,"height":171,"url":"https:\/\/www.mafuturemaison.fr\/dossier\/wp-content\/uploads\/2011\/09\/solarwall.jpg","type":"image\/jpeg"}],"author":"Cl\u00e9ment","twitter_card":"summary_large_image","twitter_misc":{"\u00c9crit par":"Cl\u00e9ment","Dur\u00e9e de lecture estim\u00e9e":"5 minutes"},"schema":{"@context":"https:\/\/schema.org","@graph":[{"@type":"WebPage","@id":"https:\/\/www.mafuturemaison.fr\/dossier\/energie\/leurope-natteindra-pas-ses-objectifs-de-20-denergies-renouvelables-dici-2020\/","url":"https:\/\/www.mafuturemaison.fr\/dossier\/energie\/leurope-natteindra-pas-ses-objectifs-de-20-denergies-renouvelables-dici-2020\/","name":"L\u2019Europe n\u2019atteindra pas ses objectifs de 20% d\u2019\u00e9nergies renouvelables d\u2019ici 2020 ! - Ma Future Maison","isPartOf":{"@id":"https:\/\/www.mafuturemaison.fr\/dossier\/#website"},"primaryImageOfPage":{"@id":"https:\/\/www.mafuturemaison.fr\/dossier\/energie\/leurope-natteindra-pas-ses-objectifs-de-20-denergies-renouvelables-dici-2020\/#primaryimage"},"image":{"@id":"https:\/\/www.mafuturemaison.fr\/dossier\/energie\/leurope-natteindra-pas-ses-objectifs-de-20-denergies-renouvelables-dici-2020\/#primaryimage"},"thumbnailUrl":"https:\/\/www.mafuturemaison.fr\/dossier\/wp-content\/uploads\/2011\/09\/solarwall.jpg","datePublished":"2011-09-15T10:21:25+00:00","dateModified":"2015-09-02T10:27:32+00:00","author":{"@id":"https:\/\/www.mafuturemaison.fr\/dossier\/#\/schema\/person\/f994f1f3783d6073b7eb98c4ff13e131"},"breadcrumb":{"@id":"https:\/\/www.mafuturemaison.fr\/dossier\/energie\/leurope-natteindra-pas-ses-objectifs-de-20-denergies-renouvelables-dici-2020\/#breadcrumb"},"inLanguage":"fr-FR","potentialAction":[{"@type":"ReadAction","target":["https:\/\/www.mafuturemaison.fr\/dossier\/energie\/leurope-natteindra-pas-ses-objectifs-de-20-denergies-renouvelables-dici-2020\/"]}]},{"@type":"ImageObject","inLanguage":"fr-FR","@id":"https:\/\/www.mafuturemaison.fr\/dossier\/energie\/leurope-natteindra-pas-ses-objectifs-de-20-denergies-renouvelables-dici-2020\/#primaryimage","url":"https:\/\/www.mafuturemaison.fr\/dossier\/wp-content\/uploads\/2011\/09\/solarwall.jpg","contentUrl":"https:\/\/www.mafuturemaison.fr\/dossier\/wp-content\/uploads\/2011\/09\/solarwall.jpg","width":"171","height":"171","caption":"solarwall"},{"@type":"BreadcrumbList","@id":"https:\/\/www.mafuturemaison.fr\/dossier\/energie\/leurope-natteindra-pas-ses-objectifs-de-20-denergies-renouvelables-dici-2020\/#breadcrumb","itemListElement":[{"@type":"ListItem","position":1,"name":"Accueil","item":"https:\/\/www.mafuturemaison.fr\/dossier\/"},{"@type":"ListItem","position":2,"name":"L\u2019Europe n\u2019atteindra pas ses objectifs de 20% d\u2019\u00e9nergies renouvelables d\u2019ici 2020 !"}]},{"@type":"WebSite","@id":"https:\/\/www.mafuturemaison.fr\/dossier\/#website","url":"https:\/\/www.mafuturemaison.fr\/dossier\/","name":"Ma Future Maison","description":"Conseils et annonces pour faire construire sa maison","potentialAction":[{"@type":"SearchAction","target":{"@type":"EntryPoint","urlTemplate":"https:\/\/www.mafuturemaison.fr\/dossier\/?s={search_term_string}"},"query-input":{"@type":"PropertyValueSpecification","valueRequired":true,"valueName":"search_term_string"}}],"inLanguage":"fr-FR"},{"@type":"Person","@id":"https:\/\/www.mafuturemaison.fr\/dossier\/#\/schema\/person\/f994f1f3783d6073b7eb98c4ff13e131","name":"Cl\u00e9ment","image":{"@type":"ImageObject","inLanguage":"fr-FR","@id":"https:\/\/www.mafuturemaison.fr\/dossier\/#\/schema\/person\/image\/","url":"https:\/\/secure.gravatar.com\/avatar\/ec243a4040373b27c6399de0bb4b792b?s=96&d=mm&r=g","contentUrl":"https:\/\/secure.gravatar.com\/avatar\/ec243a4040373b27c6399de0bb4b792b?s=96&d=mm&r=g","caption":"Cl\u00e9ment"},"url":"https:\/\/www.mafuturemaison.fr\/dossier\/author\/admin\/"}]}},"_links":{"self":[{"href":"https:\/\/www.mafuturemaison.fr\/dossier\/wp-json\/wp\/v2\/posts\/799","targetHints":{"allow":["GET"]}}],"collection":[{"href":"https:\/\/www.mafuturemaison.fr\/dossier\/wp-json\/wp\/v2\/posts"}],"about":[{"href":"https:\/\/www.mafuturemaison.fr\/dossier\/wp-json\/wp\/v2\/types\/post"}],"author":[{"embeddable":true,"href":"https:\/\/www.mafuturemaison.fr\/dossier\/wp-json\/wp\/v2\/users\/1"}],"replies":[{"embeddable":true,"href":"https:\/\/www.mafuturemaison.fr\/dossier\/wp-json\/wp\/v2\/comments?post=799"}],"version-history":[{"count":43,"href":"https:\/\/www.mafuturemaison.fr\/dossier\/wp-json\/wp\/v2\/posts\/799\/revisions"}],"predecessor-version":[{"id":4702,"href":"https:\/\/www.mafuturemaison.fr\/dossier\/wp-json\/wp\/v2\/posts\/799\/revisions\/4702"}],"wp:featuredmedia":[{"embeddable":true,"href":"https:\/\/www.mafuturemaison.fr\/dossier\/wp-json\/wp\/v2\/media\/834"}],"wp:attachment":[{"href":"https:\/\/www.mafuturemaison.fr\/dossier\/wp-json\/wp\/v2\/media?parent=799"}],"wp:term":[{"taxonomy":"category","embeddable":true,"href":"https:\/\/www.mafuturemaison.fr\/dossier\/wp-json\/wp\/v2\/categories?post=799"},{"taxonomy":"post_tag","embeddable":true,"href":"https:\/\/www.mafuturemaison.fr\/dossier\/wp-json\/wp\/v2\/tags?post=799"}],"curies":[{"name":"wp","href":"https:\/\/api.w.org\/{rel}","templated":true}]}}