{"id":8742,"date":"2018-11-15T13:44:55","date_gmt":"2018-11-15T12:44:55","guid":{"rendered":"https:\/\/www.mafuturemaison.fr\/dossier\/?p=8742"},"modified":"2022-04-06T19:24:02","modified_gmt":"2022-04-06T17:24:02","slug":"quand-les-prises-electriques-participent-a-la-deco-interieure","status":"publish","type":"post","link":"https:\/\/www.mafuturemaison.fr\/dossier\/construire\/quand-les-prises-electriques-participent-a-la-deco-interieure\/","title":{"rendered":"Quand les prises \u00e9lectriques participent \u00e0 la d\u00e9co int\u00e9rieure"},"content":{"rendered":"<p><strong><img loading=\"lazy\" decoding=\"async\" class=\"alignleft size-medium wp-image-12895\" src=\"https:\/\/www.mafuturemaison.fr\/dossier\/wp-content\/uploads\/2018\/11\/prises-300x59.jpg\" alt=\"prises\" width=\"300\" height=\"59\" srcset=\"https:\/\/www.mafuturemaison.fr\/dossier\/wp-content\/uploads\/2018\/11\/prises-300x59.jpg 300w, https:\/\/www.mafuturemaison.fr\/dossier\/wp-content\/uploads\/2018\/11\/prises.jpg 720w\" sizes=\"auto, (max-width: 300px) 100vw, 300px\" \/>Les prises \u00e9lectriques avaient des couleurs et du design, mais il est d\u00e9sormais possible aussi bien de personnaliser\u00a0 son coffret \u00e9lectrique que de choisir la texture ou la teinte de sa prise. Alors en plus d\u2019\u00eatre fonctionnels, les accessoires \u00e9lectriques sont-ils pr\u00eats \u00e0 participer au design d\u2019int\u00e9rieur\u00a0?<\/strong><\/p>\n<h2>Le tableau \u00e9lectrique au-del\u00e0 de la s\u00e9curit\u00e9 se fait aussi pratique et esth\u00e9tique<\/h2>\n<p>Le tableau \u00e9lectrique, c\u2019est un \u00e9l\u00e9ment fondamental de la s\u00e9curit\u00e9 de votre installation \u00e9lectrique. Mais c\u2019est aussi un objet qui peut allier de l\u2019utile \u00e0 l\u2019agr\u00e9able, tout simplement car il peut \u00eatre personnalis\u00e9, ou plus pr\u00e9cis\u00e9ment <strong>la porte du coffret peut \u00eatre choisie avec diff\u00e9rentes finitions<\/strong>.<\/p>\n<p>Un exemple avec la gamme RESI9 de <a title=\"prises \u00e9lectriques\" href=\"https:\/\/www.schneider-electric.fr\/fr\/home\/\" target=\"_blank\">Schneider Electric<\/a> qui permet des finitions aluminium ou bronze bross\u00e9, une finition bois, en support \u00ab\u00a0veleda\u00a0\u00bb pour pense-b\u00eate, ou encore la porte devient \u2026 miroir.<\/p>\n<p style=\"text-align: left;\">Dans un espace habitable, l\u2019entr\u00e9e d\u2019un logement, ce qui est le plus souvent le cas en maison neuve et RT2012, cela change du tableau de couleur blanche, que l\u2019on essaye plut\u00f4t de cacher, et on peut allier ainsi avec des portes d\u00e9co ou veleda la <strong>s\u00e9curit\u00e9, l\u2019esth\u00e9tique et le pratique<\/strong>.<\/p>\n<h2>Des prises \u00e9lectriques et des interrupteurs design et en harmonie avec la d\u00e9coration int\u00e9rieure<\/h2>\n<p>Les appareillages \u00e9lectriques peuvent aussi proposer des mati\u00e8res ou couleurs qui, avec un design \u00e9pur\u00e9, vont <strong>s\u2019allier \u00e0 une architecture d\u2019int\u00e9rieur moderne et plurielle<\/strong>.<\/p>\n<p>La gamme \u00ab\u00a0UNICA\u00a0\u00bb lanc\u00e9e d\u00e9but octobre par Schneider Electric, permet ainsi par exemple des prises \u00e9lectriques avec des\u00a0<strong>finitions en mat\u00e9riaux nobles\u00a0<\/strong>: gomme noire, ardoise anthracite, bois ch\u00eane ou nordique, aluminium, m\u00e9tal cuivre ou bronze ou or &#8230; qui peuvent ainsi, par le contraste, composer des <strong>environnements harmonieux et chaleureux<\/strong>.<\/p>\n<p><a href=\"https:\/\/www.mafuturemaison.fr\/dossier\/wp-content\/uploads\/2018\/11\/unica-int1.jpg\"><img loading=\"lazy\" decoding=\"async\" class=\"aligncenter size-full wp-image-12893\" src=\"https:\/\/www.mafuturemaison.fr\/dossier\/wp-content\/uploads\/2018\/11\/unica-int1.jpg\" alt=\"unica-interrupteurs\" width=\"720\" height=\"502\" srcset=\"https:\/\/www.mafuturemaison.fr\/dossier\/wp-content\/uploads\/2018\/11\/unica-int1.jpg 720w, https:\/\/www.mafuturemaison.fr\/dossier\/wp-content\/uploads\/2018\/11\/unica-int1-300x209.jpg 300w\" sizes=\"auto, (max-width: 720px) 100vw, 720px\" \/><\/a>Unica Studio<\/p>\n<h2>L\u2019avis des professionnels<\/h2>\n<blockquote><p>\u00ab\u00a0Les possibilit\u00e9s de personnalisation et l\u2019ergonomie de l\u2019appareillage \u00e9lectrique sont aussi des points importants pour le quotidien et le confort de vie des maisons que nous construisons. Les possibilit\u00e9s de choix des couleurs et textures des appareillages \u00e9lectriques offerts par la gamme UNICA de Schneider Electric\u00a0sont int\u00e9ressants car ils participent au-del\u00e0 de leurs fonctions de s\u00e9curit\u00e9 \u00e9lectrique, de commande \u00e9lectrique ou de connectivit\u00e9, \u00e0 un confort visuel et \u00e0 l\u2019esth\u00e9tique global \u00bb souligne Manuel Grilo,\u00a0pr\u00e9sident de <a title=\"prise electrique\" href=\"https:\/\/www.maisonsdeal.com\" target=\"_blank\">Maisons Deal<\/a>.<\/p><\/blockquote>\n<p>Les installateurs \u00e9lectriciens appr\u00e9cient \u00e9galement les <strong>facilit\u00e9s d\u2019installation<\/strong> avec notamment un <strong>insert mural compact<\/strong>\u00a0<strong>avec un espace optimis\u00e9 pour le c\u00e2blage<\/strong>. Le mat\u00e9riau est \u00e0 la fois flexible et robuste et s\u2019adapte \u00e9galement aux murs imparfaits, ce qui est un atout en r\u00e9novation.<\/p>\n<p>L\u2019appareillage \u00e9lectrique \u00e9volue dans son design et esth\u00e9tisme, et se connecte aussi car on sait d\u00e9sormais facilement le <strong>connecter en Bluetooth \u00e0 son smartphone<\/strong>, que ce soit pour \u00e9teindre en douceur la lumi\u00e8re des veilleuses des enfants ou encore pour programmer les ouvertures des volets roulants. Des <strong>\u00e9volutions importantes, ergonomiques alliant haute technicit\u00e9 et design<\/strong>.<\/p>\n","protected":false},"excerpt":{"rendered":"<p>Les prises \u00e9lectriques avaient des couleurs et du design, mais il est d\u00e9sormais possible aussi bien de personnaliser\u00a0 son coffret \u00e9lectrique que de choisir la texture ou la teinte de sa prise. Alors en plus d\u2019\u00eatre fonctionnels, les accessoires \u00e9lectriques sont-ils pr\u00eats \u00e0 participer au design d\u2019int\u00e9rieur\u00a0? Le tableau \u00e9lectrique au-del\u00e0 de la s\u00e9curit\u00e9 se &hellip;<\/p>\n","protected":false},"author":1,"featured_media":12893,"comment_status":"closed","ping_status":"open","sticky":false,"template":"","format":"standard","meta":{"footnotes":""},"categories":[5,2,455],"tags":[444,630,632,631],"class_list":["post-8742","post","type-post","status-publish","format-standard","has-post-thumbnail","hentry","category-actualites","category-construire","category-decoration","tag-decoration","tag-interrupteur","tag-maisons-deal","tag-schneider"],"yoast_head":"<!-- This site is optimized with the Yoast SEO plugin v25.8 - https:\/\/yoast.com\/wordpress\/plugins\/seo\/ -->\n<title>Quand les prises \u00e9lectriques participent \u00e0 la d\u00e9co int\u00e9rieure - Ma Future Maison<\/title>\n<meta name=\"description\" content=\"Les prises \u00e9lectriques avaient des couleurs et du design, un coffret \u00e9lectrique personnalis\u00e9... Toutes les nouvelles tendances des appareils \u00e9lectriques.\" \/>\n<meta name=\"robots\" content=\"index, follow, max-snippet:-1, max-image-preview:large, max-video-preview:-1\" \/>\n<link rel=\"canonical\" href=\"https:\/\/www.mafuturemaison.fr\/dossier\/construire\/quand-les-prises-electriques-participent-a-la-deco-interieure\/\" \/>\n<meta property=\"og:locale\" content=\"fr_FR\" \/>\n<meta property=\"og:type\" content=\"article\" \/>\n<meta property=\"og:title\" content=\"Quand les prises \u00e9lectriques participent \u00e0 la d\u00e9co int\u00e9rieure - Ma Future Maison\" \/>\n<meta property=\"og:description\" content=\"Les prises \u00e9lectriques avaient des couleurs et du design, un coffret \u00e9lectrique personnalis\u00e9... Toutes les nouvelles tendances des appareils \u00e9lectriques.\" \/>\n<meta property=\"og:url\" content=\"https:\/\/www.mafuturemaison.fr\/dossier\/construire\/quand-les-prises-electriques-participent-a-la-deco-interieure\/\" \/>\n<meta property=\"og:site_name\" content=\"Ma Future Maison\" \/>\n<meta property=\"article:publisher\" content=\"https:\/\/www.facebook.com\/MaFutureMaison\/\" \/>\n<meta property=\"article:published_time\" content=\"2018-11-15T12:44:55+00:00\" \/>\n<meta property=\"article:modified_time\" content=\"2022-04-06T17:24:02+00:00\" \/>\n<meta property=\"og:image\" content=\"https:\/\/www.mafuturemaison.fr\/dossier\/wp-content\/uploads\/2018\/11\/unica-int1.jpg\" \/>\n\t<meta property=\"og:image:width\" content=\"720\" \/>\n\t<meta property=\"og:image:height\" content=\"502\" \/>\n\t<meta property=\"og:image:type\" content=\"image\/jpeg\" \/>\n<meta name=\"author\" content=\"Cl\u00e9ment\" \/>\n<meta name=\"twitter:card\" content=\"summary_large_image\" \/>\n<meta name=\"twitter:label1\" content=\"\u00c9crit par\" \/>\n\t<meta name=\"twitter:data1\" content=\"Cl\u00e9ment\" \/>\n\t<meta name=\"twitter:label2\" content=\"Dur\u00e9e de lecture estim\u00e9e\" \/>\n\t<meta name=\"twitter:data2\" content=\"3 minutes\" \/>\n<script type=\"application\/ld+json\" class=\"yoast-schema-graph\">{\"@context\":\"https:\/\/schema.org\",\"@graph\":[{\"@type\":\"WebPage\",\"@id\":\"https:\/\/www.mafuturemaison.fr\/dossier\/construire\/quand-les-prises-electriques-participent-a-la-deco-interieure\/\",\"url\":\"https:\/\/www.mafuturemaison.fr\/dossier\/construire\/quand-les-prises-electriques-participent-a-la-deco-interieure\/\",\"name\":\"Quand les prises \u00e9lectriques participent \u00e0 la d\u00e9co int\u00e9rieure - Ma Future Maison\",\"isPartOf\":{\"@id\":\"https:\/\/www.mafuturemaison.fr\/dossier\/#website\"},\"primaryImageOfPage\":{\"@id\":\"https:\/\/www.mafuturemaison.fr\/dossier\/construire\/quand-les-prises-electriques-participent-a-la-deco-interieure\/#primaryimage\"},\"image\":{\"@id\":\"https:\/\/www.mafuturemaison.fr\/dossier\/construire\/quand-les-prises-electriques-participent-a-la-deco-interieure\/#primaryimage\"},\"thumbnailUrl\":\"https:\/\/www.mafuturemaison.fr\/dossier\/wp-content\/uploads\/2018\/11\/unica-int1.jpg\",\"datePublished\":\"2018-11-15T12:44:55+00:00\",\"dateModified\":\"2022-04-06T17:24:02+00:00\",\"author\":{\"@id\":\"https:\/\/www.mafuturemaison.fr\/dossier\/#\/schema\/person\/f994f1f3783d6073b7eb98c4ff13e131\"},\"description\":\"Les prises \u00e9lectriques avaient des couleurs et du design, un coffret \u00e9lectrique personnalis\u00e9... Toutes les nouvelles tendances des appareils \u00e9lectriques.\",\"breadcrumb\":{\"@id\":\"https:\/\/www.mafuturemaison.fr\/dossier\/construire\/quand-les-prises-electriques-participent-a-la-deco-interieure\/#breadcrumb\"},\"inLanguage\":\"fr-FR\",\"potentialAction\":[{\"@type\":\"ReadAction\",\"target\":[\"https:\/\/www.mafuturemaison.fr\/dossier\/construire\/quand-les-prises-electriques-participent-a-la-deco-interieure\/\"]}]},{\"@type\":\"ImageObject\",\"inLanguage\":\"fr-FR\",\"@id\":\"https:\/\/www.mafuturemaison.fr\/dossier\/construire\/quand-les-prises-electriques-participent-a-la-deco-interieure\/#primaryimage\",\"url\":\"https:\/\/www.mafuturemaison.fr\/dossier\/wp-content\/uploads\/2018\/11\/unica-int1.jpg\",\"contentUrl\":\"https:\/\/www.mafuturemaison.fr\/dossier\/wp-content\/uploads\/2018\/11\/unica-int1.jpg\",\"width\":720,\"height\":502},{\"@type\":\"BreadcrumbList\",\"@id\":\"https:\/\/www.mafuturemaison.fr\/dossier\/construire\/quand-les-prises-electriques-participent-a-la-deco-interieure\/#breadcrumb\",\"itemListElement\":[{\"@type\":\"ListItem\",\"position\":1,\"name\":\"Accueil\",\"item\":\"https:\/\/www.mafuturemaison.fr\/dossier\/\"},{\"@type\":\"ListItem\",\"position\":2,\"name\":\"Quand les prises \u00e9lectriques participent \u00e0 la d\u00e9co int\u00e9rieure\"}]},{\"@type\":\"WebSite\",\"@id\":\"https:\/\/www.mafuturemaison.fr\/dossier\/#website\",\"url\":\"https:\/\/www.mafuturemaison.fr\/dossier\/\",\"name\":\"Ma Future Maison\",\"description\":\"Conseils et annonces pour faire construire sa maison\",\"potentialAction\":[{\"@type\":\"SearchAction\",\"target\":{\"@type\":\"EntryPoint\",\"urlTemplate\":\"https:\/\/www.mafuturemaison.fr\/dossier\/?s={search_term_string}\"},\"query-input\":{\"@type\":\"PropertyValueSpecification\",\"valueRequired\":true,\"valueName\":\"search_term_string\"}}],\"inLanguage\":\"fr-FR\"},{\"@type\":\"Person\",\"@id\":\"https:\/\/www.mafuturemaison.fr\/dossier\/#\/schema\/person\/f994f1f3783d6073b7eb98c4ff13e131\",\"name\":\"Cl\u00e9ment\",\"image\":{\"@type\":\"ImageObject\",\"inLanguage\":\"fr-FR\",\"@id\":\"https:\/\/www.mafuturemaison.fr\/dossier\/#\/schema\/person\/image\/\",\"url\":\"https:\/\/secure.gravatar.com\/avatar\/ec243a4040373b27c6399de0bb4b792b?s=96&d=mm&r=g\",\"contentUrl\":\"https:\/\/secure.gravatar.com\/avatar\/ec243a4040373b27c6399de0bb4b792b?s=96&d=mm&r=g\",\"caption\":\"Cl\u00e9ment\"},\"url\":\"https:\/\/www.mafuturemaison.fr\/dossier\/author\/admin\/\"}]}<\/script>\n<!-- \/ Yoast SEO plugin. -->","yoast_head_json":{"title":"Quand les prises \u00e9lectriques participent \u00e0 la d\u00e9co int\u00e9rieure - Ma Future Maison","description":"Les prises \u00e9lectriques avaient des couleurs et du design, un coffret \u00e9lectrique personnalis\u00e9... Toutes les nouvelles tendances des appareils \u00e9lectriques.","robots":{"index":"index","follow":"follow","max-snippet":"max-snippet:-1","max-image-preview":"max-image-preview:large","max-video-preview":"max-video-preview:-1"},"canonical":"https:\/\/www.mafuturemaison.fr\/dossier\/construire\/quand-les-prises-electriques-participent-a-la-deco-interieure\/","og_locale":"fr_FR","og_type":"article","og_title":"Quand les prises \u00e9lectriques participent \u00e0 la d\u00e9co int\u00e9rieure - Ma Future Maison","og_description":"Les prises \u00e9lectriques avaient des couleurs et du design, un coffret \u00e9lectrique personnalis\u00e9... Toutes les nouvelles tendances des appareils \u00e9lectriques.","og_url":"https:\/\/www.mafuturemaison.fr\/dossier\/construire\/quand-les-prises-electriques-participent-a-la-deco-interieure\/","og_site_name":"Ma Future Maison","article_publisher":"https:\/\/www.facebook.com\/MaFutureMaison\/","article_published_time":"2018-11-15T12:44:55+00:00","article_modified_time":"2022-04-06T17:24:02+00:00","og_image":[{"width":720,"height":502,"url":"https:\/\/www.mafuturemaison.fr\/dossier\/wp-content\/uploads\/2018\/11\/unica-int1.jpg","type":"image\/jpeg"}],"author":"Cl\u00e9ment","twitter_card":"summary_large_image","twitter_misc":{"\u00c9crit par":"Cl\u00e9ment","Dur\u00e9e de lecture estim\u00e9e":"3 minutes"},"schema":{"@context":"https:\/\/schema.org","@graph":[{"@type":"WebPage","@id":"https:\/\/www.mafuturemaison.fr\/dossier\/construire\/quand-les-prises-electriques-participent-a-la-deco-interieure\/","url":"https:\/\/www.mafuturemaison.fr\/dossier\/construire\/quand-les-prises-electriques-participent-a-la-deco-interieure\/","name":"Quand les prises \u00e9lectriques participent \u00e0 la d\u00e9co int\u00e9rieure - Ma Future Maison","isPartOf":{"@id":"https:\/\/www.mafuturemaison.fr\/dossier\/#website"},"primaryImageOfPage":{"@id":"https:\/\/www.mafuturemaison.fr\/dossier\/construire\/quand-les-prises-electriques-participent-a-la-deco-interieure\/#primaryimage"},"image":{"@id":"https:\/\/www.mafuturemaison.fr\/dossier\/construire\/quand-les-prises-electriques-participent-a-la-deco-interieure\/#primaryimage"},"thumbnailUrl":"https:\/\/www.mafuturemaison.fr\/dossier\/wp-content\/uploads\/2018\/11\/unica-int1.jpg","datePublished":"2018-11-15T12:44:55+00:00","dateModified":"2022-04-06T17:24:02+00:00","author":{"@id":"https:\/\/www.mafuturemaison.fr\/dossier\/#\/schema\/person\/f994f1f3783d6073b7eb98c4ff13e131"},"description":"Les prises \u00e9lectriques avaient des couleurs et du design, un coffret \u00e9lectrique personnalis\u00e9... Toutes les nouvelles tendances des appareils \u00e9lectriques.","breadcrumb":{"@id":"https:\/\/www.mafuturemaison.fr\/dossier\/construire\/quand-les-prises-electriques-participent-a-la-deco-interieure\/#breadcrumb"},"inLanguage":"fr-FR","potentialAction":[{"@type":"ReadAction","target":["https:\/\/www.mafuturemaison.fr\/dossier\/construire\/quand-les-prises-electriques-participent-a-la-deco-interieure\/"]}]},{"@type":"ImageObject","inLanguage":"fr-FR","@id":"https:\/\/www.mafuturemaison.fr\/dossier\/construire\/quand-les-prises-electriques-participent-a-la-deco-interieure\/#primaryimage","url":"https:\/\/www.mafuturemaison.fr\/dossier\/wp-content\/uploads\/2018\/11\/unica-int1.jpg","contentUrl":"https:\/\/www.mafuturemaison.fr\/dossier\/wp-content\/uploads\/2018\/11\/unica-int1.jpg","width":720,"height":502},{"@type":"BreadcrumbList","@id":"https:\/\/www.mafuturemaison.fr\/dossier\/construire\/quand-les-prises-electriques-participent-a-la-deco-interieure\/#breadcrumb","itemListElement":[{"@type":"ListItem","position":1,"name":"Accueil","item":"https:\/\/www.mafuturemaison.fr\/dossier\/"},{"@type":"ListItem","position":2,"name":"Quand les prises \u00e9lectriques participent \u00e0 la d\u00e9co int\u00e9rieure"}]},{"@type":"WebSite","@id":"https:\/\/www.mafuturemaison.fr\/dossier\/#website","url":"https:\/\/www.mafuturemaison.fr\/dossier\/","name":"Ma Future Maison","description":"Conseils et annonces pour faire construire sa maison","potentialAction":[{"@type":"SearchAction","target":{"@type":"EntryPoint","urlTemplate":"https:\/\/www.mafuturemaison.fr\/dossier\/?s={search_term_string}"},"query-input":{"@type":"PropertyValueSpecification","valueRequired":true,"valueName":"search_term_string"}}],"inLanguage":"fr-FR"},{"@type":"Person","@id":"https:\/\/www.mafuturemaison.fr\/dossier\/#\/schema\/person\/f994f1f3783d6073b7eb98c4ff13e131","name":"Cl\u00e9ment","image":{"@type":"ImageObject","inLanguage":"fr-FR","@id":"https:\/\/www.mafuturemaison.fr\/dossier\/#\/schema\/person\/image\/","url":"https:\/\/secure.gravatar.com\/avatar\/ec243a4040373b27c6399de0bb4b792b?s=96&d=mm&r=g","contentUrl":"https:\/\/secure.gravatar.com\/avatar\/ec243a4040373b27c6399de0bb4b792b?s=96&d=mm&r=g","caption":"Cl\u00e9ment"},"url":"https:\/\/www.mafuturemaison.fr\/dossier\/author\/admin\/"}]}},"_links":{"self":[{"href":"https:\/\/www.mafuturemaison.fr\/dossier\/wp-json\/wp\/v2\/posts\/8742","targetHints":{"allow":["GET"]}}],"collection":[{"href":"https:\/\/www.mafuturemaison.fr\/dossier\/wp-json\/wp\/v2\/posts"}],"about":[{"href":"https:\/\/www.mafuturemaison.fr\/dossier\/wp-json\/wp\/v2\/types\/post"}],"author":[{"embeddable":true,"href":"https:\/\/www.mafuturemaison.fr\/dossier\/wp-json\/wp\/v2\/users\/1"}],"replies":[{"embeddable":true,"href":"https:\/\/www.mafuturemaison.fr\/dossier\/wp-json\/wp\/v2\/comments?post=8742"}],"version-history":[{"count":10,"href":"https:\/\/www.mafuturemaison.fr\/dossier\/wp-json\/wp\/v2\/posts\/8742\/revisions"}],"predecessor-version":[{"id":12896,"href":"https:\/\/www.mafuturemaison.fr\/dossier\/wp-json\/wp\/v2\/posts\/8742\/revisions\/12896"}],"wp:featuredmedia":[{"embeddable":true,"href":"https:\/\/www.mafuturemaison.fr\/dossier\/wp-json\/wp\/v2\/media\/12893"}],"wp:attachment":[{"href":"https:\/\/www.mafuturemaison.fr\/dossier\/wp-json\/wp\/v2\/media?parent=8742"}],"wp:term":[{"taxonomy":"category","embeddable":true,"href":"https:\/\/www.mafuturemaison.fr\/dossier\/wp-json\/wp\/v2\/categories?post=8742"},{"taxonomy":"post_tag","embeddable":true,"href":"https:\/\/www.mafuturemaison.fr\/dossier\/wp-json\/wp\/v2\/tags?post=8742"}],"curies":[{"name":"wp","href":"https:\/\/api.w.org\/{rel}","templated":true}]}}