{"id":9472,"date":"2019-06-06T17:58:25","date_gmt":"2019-06-06T15:58:25","guid":{"rendered":"https:\/\/www.mafuturemaison.fr\/dossier\/?p=9472"},"modified":"2022-04-06T18:42:18","modified_gmt":"2022-04-06T16:42:18","slug":"gagnez-de-lespace-avec-une-veranda","status":"publish","type":"post","link":"https:\/\/www.mafuturemaison.fr\/dossier\/construire\/gagnez-de-lespace-avec-une-veranda\/","title":{"rendered":"Gagnez de l&rsquo;espace avec une v\u00e9randa"},"content":{"rendered":"<p><strong>Agrandir son int\u00e9rieur, am\u00e9liorer son confort, cr\u00e9er un espace original et agr\u00e9able, ouvert sur l&rsquo;ext\u00e9rieur, c&rsquo;est le souhait\u00a0de ceux qui\u00a0font construire une v\u00e9randa. V\u00e9ritable lieu de vie, cette pi\u00e8ce suppl\u00e9mentaire se pr\u00eate \u00e0 tous les am\u00e9nagements dans la mesure o\u00f9 elle est pr\u00e9vue au moment de la conception de plans de la maison.<\/strong><\/p>\n<h2>Pensez \u00e0 la v\u00e9randa d\u00e8s la conception de la maison<\/h2>\n<p><strong>En fonction du terrain, et \u00e0 condition de d\u00e9finir son orientation, de nombreux constructeurs proposent cette ouverture sur\u00a0le jardin, dont on peut profiter \u00e9t\u00e9 comme hiver.<\/strong><\/p>\n<p>De l&rsquo;avis de l&rsquo;un d&rsquo;entre eux, Fabrice Parisel, directeur commercial de <a title=\"maisosn delmas\" href=\"http:\/\/www.maisonsdelmas.com\" target=\"_blank\">Maisons Delmas<\/a>,<\/p>\n<blockquote><p><img loading=\"lazy\" decoding=\"async\" class=\"alignright size-full wp-image-5036\" src=\"https:\/\/www.mafuturemaison.fr\/dossier\/wp-content\/uploads\/2015\/12\/logo-delmas-e1488470027319.jpg\" alt=\"v\u00e9randa\" width=\"300\" height=\"102\" \/>\u00ab\u00a0Pour profiter au maximum de la luminosit\u00e9 ou de l&rsquo;ensoleillement, il est indispensable de d\u00e9cider de quelle pi\u00e8ce vous souhaitez faire l&rsquo;extension : s\u00e9jour, bureau, cuisine, ou encore terrasse, de fa\u00e7on \u00e0 optimiser l&rsquo;espace en profitant de la nouvelle r\u00e9glementation thermique.\u00a0\u00bb<\/p><\/blockquote>\n<p>De nombreux types de v\u00e9randas existent, et certaines peuvent devenir de v\u00e9ritables <strong>jardins d&rsquo;hiver<\/strong>.<\/p>\n<p><img loading=\"lazy\" decoding=\"async\" class=\"aligncenter wp-image-12026 size-full\" src=\"https:\/\/www.mafuturemaison.fr\/dossier\/wp-content\/uploads\/2022\/03\/veranda-jardin-1.jpg\" alt=\"veranda-jardin\" width=\"750\" height=\"439\" srcset=\"https:\/\/www.mafuturemaison.fr\/dossier\/wp-content\/uploads\/2022\/03\/veranda-jardin-1.jpg 750w, https:\/\/www.mafuturemaison.fr\/dossier\/wp-content\/uploads\/2022\/03\/veranda-jardin-1-300x176.jpg 300w\" sizes=\"auto, (max-width: 750px) 100vw, 750px\" \/><\/p>\n<h2>Quelle v\u00e9randa choisir?<\/h2>\n<p>Apr\u00e8s avoir d\u00e9fini la configuration, le choix des mat\u00e9riaux\u00a0est pr\u00e9dominant en mati\u00e8re de v\u00e9randa, en particulier en ce qui concerne le toit, la structure, le vitrage, et surtout l&rsquo;isolation thermique.<\/p>\n<blockquote><p>\u00ab\u00a0Tout comme pour votre maison, il est indispensable d&rsquo;\u00e9viter les d\u00e9perditions thermiques dans une v\u00e9randa, ce qui suppose une bonne isolation\u00a0\u00bb explique Fabrice Parisel.<\/p><\/blockquote>\n<h3>Les v\u00e9randas en aluminium<\/h3>\n<p><strong>Sans aucun doute la plus simple \u00e0 installer, la v\u00e9randa en aluminium ne rouille pas et ne n\u00e9cessite pas d&rsquo;entretien contraignant<\/strong>.<\/p>\n<p>Mat\u00e9riau r\u00e9sistant et l\u00e9ger, l&rsquo;aluminium <strong>s&rsquo;adapte facilement aux formes des structures porteuses<\/strong> d&rsquo;une v\u00e9randa et permet des <strong>vitrages de grandes dimensions<\/strong>.<\/p>\n<blockquote><p>\u00ab\u00a0Les <strong>profil\u00e9s \u00e0 rupteurs de pont thermiques<\/strong> permettent d&rsquo;isoler la face ext\u00e9rieure de la face int\u00e9rieure, ce qui a pour effe de supprimer la condensation et de conserver la chaleur en faisant barrage au froid\u00a0\u00bb explique Fabrice Parisel.<\/p><\/blockquote>\n<p>Les performances techniques deviennent optimum si l&rsquo;on privil\u00e9gie un <strong>double vitrage<\/strong>.<\/p>\n<p>Sans conteste <strong>la plus employ\u00e9e<\/strong>, la v\u00e9randa en aluminium repr\u00e9sente plus de 90% du march\u00e9.<\/p>\n<p>&nbsp;<\/p>\n<h3>Les v\u00e9randas en bois<\/h3>\n<p>Les <strong>qualit\u00e9s isolantes du bois<\/strong> sont parfaitement connues, avec un entretien limit\u00e9.<\/p>\n<blockquote><p>De plus, selon Fabrice Parisel, \u00ab\u00a0le bois isole six fois plus que la brique et permet des \u00e9conomies non n\u00e9gligeables en participant \u00e0 la lutte contre le r\u00e9chauffement climatique. Choisir de construire sa v\u00e9randa en bois permet donc de respecter l&rsquo;environnement.\u00a0\u00bb<\/p><\/blockquote>\n<p><a href=\"https:\/\/www.mafuturemaison.fr\/dossier\/wp-content\/uploads\/2022\/03\/veranda-bois-1.jpg\"><img loading=\"lazy\" decoding=\"async\" class=\"aligncenter size-full wp-image-12025\" src=\"https:\/\/www.mafuturemaison.fr\/dossier\/wp-content\/uploads\/2022\/03\/veranda-bois-1.jpg\" alt=\"veranda-bois\" width=\"750\" height=\"502\" srcset=\"https:\/\/www.mafuturemaison.fr\/dossier\/wp-content\/uploads\/2022\/03\/veranda-bois-1.jpg 750w, https:\/\/www.mafuturemaison.fr\/dossier\/wp-content\/uploads\/2022\/03\/veranda-bois-1-300x201.jpg 300w\" sizes=\"auto, (max-width: 750px) 100vw, 750px\" \/><\/a><\/p>\n<p>Choisir une <strong>v\u00e9randa mixte<\/strong> bois et aluminium ou bois et verre peut s&rsquo;av\u00e9rer un excellent compromis, et pas seulement en termes d&rsquo;esth\u00e9tique, le bois \u00e9tant le meilleur isolant thermique et acoustique.<\/p>\n<h2>Toit,\u00a0fermetures, accessoires et habillage d&rsquo;une v\u00e9randa<\/h2>\n<p>De nombreuses possibilit\u00e9s et solutions s&rsquo;offrent \u00e0 vous pour habiller votre v\u00e9randa.<\/p>\n<p><strong>Le toit\u00a0peut \u00eatre compos\u00e9 de diff\u00e9rents mat\u00e9riaux<\/strong>, qui tous\u00a0garantissent \u00e0 la fois <strong>l&rsquo;isolation et l&rsquo;esth\u00e9tique<\/strong>.<\/p>\n<ul>\n<li>en plastique alv\u00e9olaire,<\/li>\n<li>en ardoise,<\/li>\n<li>ou en verre.<\/li>\n<\/ul>\n<p>Il est possible d&rsquo;<strong>abriter sa v\u00e9randa avec un toit en pente ou plat,<\/strong> selon l&rsquo;architecture de votre maison.<\/p>\n<p><strong>Les fermetures<\/strong>\u00a0vont des volets roulants (PVC ou aluminium) aux stores int\u00e9rieurs et ext\u00e9rieurs en toile perm\u00e9able ou \u00e0 lames horizontales.<\/p>\n<p>Une <strong>association v\u00e9randa + pergola<\/strong> est m\u00eame possible, de fa\u00e7on \u00e0 cr\u00e9er un espace harmonieux pour s&rsquo;adapter aux saisons.<\/p>\n<p>En d\u00e9finitive, <strong>tout est possible pour construire sa v\u00e9randa, du kit en PVC (le moins on\u00e9reux) \u00e0 l&rsquo;acier, en passant par le bois (mat\u00e9riau noble), ou encore l&rsquo;aluminium<\/strong>.<\/p>\n<h2>Un v\u00e9randa pour tous !<\/h2>\n<p>Tout d\u00e9pend des budgets bien \u00e9videmment, mais aussi des go\u00fbts de chacun et de l&rsquo;envie\u00a0: on peut choisir une v\u00e9randa r\u00e9solument moderne \u00e0 toit plat pour les amateurs de design, ou \u00e0 l&rsquo;ancienne pour perp\u00e9tuer les mat\u00e9riaux\u00a0d&rsquo;antan, dans tous les cas de fa\u00e7on \u00e0 r\u00e9ussir son int\u00e9gration avec la maison.<\/p>\n<blockquote><p>\u00ab\u00a0Bien orient\u00e9e, une v\u00e9randa est une v\u00e9ritable valeur ajout\u00e9e \u00e0 votre maison et\u00a0vous permet de\u00a0vous cr\u00e9er un espace de vie baign\u00e9 de lumi\u00e8re \u00e9t\u00e9 comme hiver.<\/p>\n<p>Notre maison\u00a0t\u00e9moin de <a href=\"https:\/\/www.domexpo.fr\/villages\/mareuil-les-meaux-77\/\" target=\"_blank\">Mareuil-les-Meaux<\/a>\u00a0permet de se rendre compte de l&rsquo;attrait d&rsquo;une v\u00e9randa.\u00a0\u00bb<\/p><\/blockquote>\n<p>&nbsp;<\/p>\n<p>&nbsp;<\/p>\n","protected":false},"excerpt":{"rendered":"<p>Agrandir son int\u00e9rieur, am\u00e9liorer son confort, cr\u00e9er un espace original et agr\u00e9able, ouvert sur l&rsquo;ext\u00e9rieur, c&rsquo;est le souhait\u00a0de ceux qui\u00a0font construire une v\u00e9randa. V\u00e9ritable lieu de vie, cette pi\u00e8ce suppl\u00e9mentaire se pr\u00eate \u00e0 tous les am\u00e9nagements dans la mesure o\u00f9 elle est pr\u00e9vue au moment de la conception de plans de la maison. Pensez \u00e0 &hellip;<\/p>\n","protected":false},"author":1,"featured_media":12023,"comment_status":"closed","ping_status":"open","sticky":false,"template":"","format":"standard","meta":{"footnotes":""},"categories":[5,7,2,455,8,9],"tags":[],"class_list":["post-9472","post","type-post","status-publish","format-standard","has-post-thumbnail","hentry","category-actualites","category-conseils-pour-faire-construire","category-construire","category-decoration","category-styles-et-architectures","category-techniques-et-materiaux"],"yoast_head":"<!-- This site is optimized with the Yoast SEO plugin v25.8 - https:\/\/yoast.com\/wordpress\/plugins\/seo\/ -->\n<title>Gagnez de l&#039;espace avec une v\u00e9randa - Ma Future Maison<\/title>\n<meta name=\"description\" content=\"Agrandir son int\u00e9rieur, am\u00e9liorer son confort, cr\u00e9er un espace original ouvert sur l&#039;ext\u00e9rieur, c&#039;est possible en faisant construire une v\u00e9randa. D\u00e9tails.\" \/>\n<meta name=\"robots\" content=\"index, follow, max-snippet:-1, max-image-preview:large, max-video-preview:-1\" \/>\n<link rel=\"canonical\" href=\"https:\/\/www.mafuturemaison.fr\/dossier\/construire\/gagnez-de-lespace-avec-une-veranda\/\" \/>\n<meta property=\"og:locale\" content=\"fr_FR\" \/>\n<meta property=\"og:type\" content=\"article\" \/>\n<meta property=\"og:title\" content=\"Gagnez de l&#039;espace avec une v\u00e9randa - Ma Future Maison\" \/>\n<meta property=\"og:description\" content=\"Agrandir son int\u00e9rieur, am\u00e9liorer son confort, cr\u00e9er un espace original ouvert sur l&#039;ext\u00e9rieur, c&#039;est possible en faisant construire une v\u00e9randa. D\u00e9tails.\" \/>\n<meta property=\"og:url\" content=\"https:\/\/www.mafuturemaison.fr\/dossier\/construire\/gagnez-de-lespace-avec-une-veranda\/\" \/>\n<meta property=\"og:site_name\" content=\"Ma Future Maison\" \/>\n<meta property=\"article:publisher\" content=\"https:\/\/www.facebook.com\/MaFutureMaison\/\" \/>\n<meta property=\"article:published_time\" content=\"2019-06-06T15:58:25+00:00\" \/>\n<meta property=\"article:modified_time\" content=\"2022-04-06T16:42:18+00:00\" \/>\n<meta property=\"og:image\" content=\"https:\/\/www.mafuturemaison.fr\/dossier\/wp-content\/uploads\/2022\/03\/veranda-acier-alu.jpg\" \/>\n\t<meta property=\"og:image:width\" content=\"750\" \/>\n\t<meta property=\"og:image:height\" content=\"465\" \/>\n\t<meta property=\"og:image:type\" content=\"image\/jpeg\" \/>\n<meta name=\"author\" content=\"Cl\u00e9ment\" \/>\n<meta name=\"twitter:card\" content=\"summary_large_image\" \/>\n<meta name=\"twitter:label1\" content=\"\u00c9crit par\" \/>\n\t<meta name=\"twitter:data1\" content=\"Cl\u00e9ment\" \/>\n\t<meta name=\"twitter:label2\" content=\"Dur\u00e9e de lecture estim\u00e9e\" \/>\n\t<meta name=\"twitter:data2\" content=\"4 minutes\" \/>\n<script type=\"application\/ld+json\" class=\"yoast-schema-graph\">{\"@context\":\"https:\/\/schema.org\",\"@graph\":[{\"@type\":\"WebPage\",\"@id\":\"https:\/\/www.mafuturemaison.fr\/dossier\/construire\/gagnez-de-lespace-avec-une-veranda\/\",\"url\":\"https:\/\/www.mafuturemaison.fr\/dossier\/construire\/gagnez-de-lespace-avec-une-veranda\/\",\"name\":\"Gagnez de l'espace avec une v\u00e9randa - Ma Future Maison\",\"isPartOf\":{\"@id\":\"https:\/\/www.mafuturemaison.fr\/dossier\/#website\"},\"primaryImageOfPage\":{\"@id\":\"https:\/\/www.mafuturemaison.fr\/dossier\/construire\/gagnez-de-lespace-avec-une-veranda\/#primaryimage\"},\"image\":{\"@id\":\"https:\/\/www.mafuturemaison.fr\/dossier\/construire\/gagnez-de-lespace-avec-une-veranda\/#primaryimage\"},\"thumbnailUrl\":\"https:\/\/www.mafuturemaison.fr\/dossier\/wp-content\/uploads\/2022\/03\/veranda-acier-alu.jpg\",\"datePublished\":\"2019-06-06T15:58:25+00:00\",\"dateModified\":\"2022-04-06T16:42:18+00:00\",\"author\":{\"@id\":\"https:\/\/www.mafuturemaison.fr\/dossier\/#\/schema\/person\/f994f1f3783d6073b7eb98c4ff13e131\"},\"description\":\"Agrandir son int\u00e9rieur, am\u00e9liorer son confort, cr\u00e9er un espace original ouvert sur l'ext\u00e9rieur, c'est possible en faisant construire une v\u00e9randa. D\u00e9tails.\",\"breadcrumb\":{\"@id\":\"https:\/\/www.mafuturemaison.fr\/dossier\/construire\/gagnez-de-lespace-avec-une-veranda\/#breadcrumb\"},\"inLanguage\":\"fr-FR\",\"potentialAction\":[{\"@type\":\"ReadAction\",\"target\":[\"https:\/\/www.mafuturemaison.fr\/dossier\/construire\/gagnez-de-lespace-avec-une-veranda\/\"]}]},{\"@type\":\"ImageObject\",\"inLanguage\":\"fr-FR\",\"@id\":\"https:\/\/www.mafuturemaison.fr\/dossier\/construire\/gagnez-de-lespace-avec-une-veranda\/#primaryimage\",\"url\":\"https:\/\/www.mafuturemaison.fr\/dossier\/wp-content\/uploads\/2022\/03\/veranda-acier-alu.jpg\",\"contentUrl\":\"https:\/\/www.mafuturemaison.fr\/dossier\/wp-content\/uploads\/2022\/03\/veranda-acier-alu.jpg\",\"width\":750,\"height\":465,\"caption\":\"v\u00e9randa-acier-alu\"},{\"@type\":\"BreadcrumbList\",\"@id\":\"https:\/\/www.mafuturemaison.fr\/dossier\/construire\/gagnez-de-lespace-avec-une-veranda\/#breadcrumb\",\"itemListElement\":[{\"@type\":\"ListItem\",\"position\":1,\"name\":\"Accueil\",\"item\":\"https:\/\/www.mafuturemaison.fr\/dossier\/\"},{\"@type\":\"ListItem\",\"position\":2,\"name\":\"Gagnez de l&rsquo;espace avec une v\u00e9randa\"}]},{\"@type\":\"WebSite\",\"@id\":\"https:\/\/www.mafuturemaison.fr\/dossier\/#website\",\"url\":\"https:\/\/www.mafuturemaison.fr\/dossier\/\",\"name\":\"Ma Future Maison\",\"description\":\"Conseils et annonces pour faire construire sa maison\",\"potentialAction\":[{\"@type\":\"SearchAction\",\"target\":{\"@type\":\"EntryPoint\",\"urlTemplate\":\"https:\/\/www.mafuturemaison.fr\/dossier\/?s={search_term_string}\"},\"query-input\":{\"@type\":\"PropertyValueSpecification\",\"valueRequired\":true,\"valueName\":\"search_term_string\"}}],\"inLanguage\":\"fr-FR\"},{\"@type\":\"Person\",\"@id\":\"https:\/\/www.mafuturemaison.fr\/dossier\/#\/schema\/person\/f994f1f3783d6073b7eb98c4ff13e131\",\"name\":\"Cl\u00e9ment\",\"image\":{\"@type\":\"ImageObject\",\"inLanguage\":\"fr-FR\",\"@id\":\"https:\/\/www.mafuturemaison.fr\/dossier\/#\/schema\/person\/image\/\",\"url\":\"https:\/\/secure.gravatar.com\/avatar\/ec243a4040373b27c6399de0bb4b792b?s=96&d=mm&r=g\",\"contentUrl\":\"https:\/\/secure.gravatar.com\/avatar\/ec243a4040373b27c6399de0bb4b792b?s=96&d=mm&r=g\",\"caption\":\"Cl\u00e9ment\"},\"url\":\"https:\/\/www.mafuturemaison.fr\/dossier\/author\/admin\/\"}]}<\/script>\n<!-- \/ Yoast SEO plugin. -->","yoast_head_json":{"title":"Gagnez de l'espace avec une v\u00e9randa - Ma Future Maison","description":"Agrandir son int\u00e9rieur, am\u00e9liorer son confort, cr\u00e9er un espace original ouvert sur l'ext\u00e9rieur, c'est possible en faisant construire une v\u00e9randa. D\u00e9tails.","robots":{"index":"index","follow":"follow","max-snippet":"max-snippet:-1","max-image-preview":"max-image-preview:large","max-video-preview":"max-video-preview:-1"},"canonical":"https:\/\/www.mafuturemaison.fr\/dossier\/construire\/gagnez-de-lespace-avec-une-veranda\/","og_locale":"fr_FR","og_type":"article","og_title":"Gagnez de l'espace avec une v\u00e9randa - Ma Future Maison","og_description":"Agrandir son int\u00e9rieur, am\u00e9liorer son confort, cr\u00e9er un espace original ouvert sur l'ext\u00e9rieur, c'est possible en faisant construire une v\u00e9randa. D\u00e9tails.","og_url":"https:\/\/www.mafuturemaison.fr\/dossier\/construire\/gagnez-de-lespace-avec-une-veranda\/","og_site_name":"Ma Future Maison","article_publisher":"https:\/\/www.facebook.com\/MaFutureMaison\/","article_published_time":"2019-06-06T15:58:25+00:00","article_modified_time":"2022-04-06T16:42:18+00:00","og_image":[{"width":750,"height":465,"url":"https:\/\/www.mafuturemaison.fr\/dossier\/wp-content\/uploads\/2022\/03\/veranda-acier-alu.jpg","type":"image\/jpeg"}],"author":"Cl\u00e9ment","twitter_card":"summary_large_image","twitter_misc":{"\u00c9crit par":"Cl\u00e9ment","Dur\u00e9e de lecture estim\u00e9e":"4 minutes"},"schema":{"@context":"https:\/\/schema.org","@graph":[{"@type":"WebPage","@id":"https:\/\/www.mafuturemaison.fr\/dossier\/construire\/gagnez-de-lespace-avec-une-veranda\/","url":"https:\/\/www.mafuturemaison.fr\/dossier\/construire\/gagnez-de-lespace-avec-une-veranda\/","name":"Gagnez de l'espace avec une v\u00e9randa - Ma Future Maison","isPartOf":{"@id":"https:\/\/www.mafuturemaison.fr\/dossier\/#website"},"primaryImageOfPage":{"@id":"https:\/\/www.mafuturemaison.fr\/dossier\/construire\/gagnez-de-lespace-avec-une-veranda\/#primaryimage"},"image":{"@id":"https:\/\/www.mafuturemaison.fr\/dossier\/construire\/gagnez-de-lespace-avec-une-veranda\/#primaryimage"},"thumbnailUrl":"https:\/\/www.mafuturemaison.fr\/dossier\/wp-content\/uploads\/2022\/03\/veranda-acier-alu.jpg","datePublished":"2019-06-06T15:58:25+00:00","dateModified":"2022-04-06T16:42:18+00:00","author":{"@id":"https:\/\/www.mafuturemaison.fr\/dossier\/#\/schema\/person\/f994f1f3783d6073b7eb98c4ff13e131"},"description":"Agrandir son int\u00e9rieur, am\u00e9liorer son confort, cr\u00e9er un espace original ouvert sur l'ext\u00e9rieur, c'est possible en faisant construire une v\u00e9randa. D\u00e9tails.","breadcrumb":{"@id":"https:\/\/www.mafuturemaison.fr\/dossier\/construire\/gagnez-de-lespace-avec-une-veranda\/#breadcrumb"},"inLanguage":"fr-FR","potentialAction":[{"@type":"ReadAction","target":["https:\/\/www.mafuturemaison.fr\/dossier\/construire\/gagnez-de-lespace-avec-une-veranda\/"]}]},{"@type":"ImageObject","inLanguage":"fr-FR","@id":"https:\/\/www.mafuturemaison.fr\/dossier\/construire\/gagnez-de-lespace-avec-une-veranda\/#primaryimage","url":"https:\/\/www.mafuturemaison.fr\/dossier\/wp-content\/uploads\/2022\/03\/veranda-acier-alu.jpg","contentUrl":"https:\/\/www.mafuturemaison.fr\/dossier\/wp-content\/uploads\/2022\/03\/veranda-acier-alu.jpg","width":750,"height":465,"caption":"v\u00e9randa-acier-alu"},{"@type":"BreadcrumbList","@id":"https:\/\/www.mafuturemaison.fr\/dossier\/construire\/gagnez-de-lespace-avec-une-veranda\/#breadcrumb","itemListElement":[{"@type":"ListItem","position":1,"name":"Accueil","item":"https:\/\/www.mafuturemaison.fr\/dossier\/"},{"@type":"ListItem","position":2,"name":"Gagnez de l&rsquo;espace avec une v\u00e9randa"}]},{"@type":"WebSite","@id":"https:\/\/www.mafuturemaison.fr\/dossier\/#website","url":"https:\/\/www.mafuturemaison.fr\/dossier\/","name":"Ma Future Maison","description":"Conseils et annonces pour faire construire sa maison","potentialAction":[{"@type":"SearchAction","target":{"@type":"EntryPoint","urlTemplate":"https:\/\/www.mafuturemaison.fr\/dossier\/?s={search_term_string}"},"query-input":{"@type":"PropertyValueSpecification","valueRequired":true,"valueName":"search_term_string"}}],"inLanguage":"fr-FR"},{"@type":"Person","@id":"https:\/\/www.mafuturemaison.fr\/dossier\/#\/schema\/person\/f994f1f3783d6073b7eb98c4ff13e131","name":"Cl\u00e9ment","image":{"@type":"ImageObject","inLanguage":"fr-FR","@id":"https:\/\/www.mafuturemaison.fr\/dossier\/#\/schema\/person\/image\/","url":"https:\/\/secure.gravatar.com\/avatar\/ec243a4040373b27c6399de0bb4b792b?s=96&d=mm&r=g","contentUrl":"https:\/\/secure.gravatar.com\/avatar\/ec243a4040373b27c6399de0bb4b792b?s=96&d=mm&r=g","caption":"Cl\u00e9ment"},"url":"https:\/\/www.mafuturemaison.fr\/dossier\/author\/admin\/"}]}},"_links":{"self":[{"href":"https:\/\/www.mafuturemaison.fr\/dossier\/wp-json\/wp\/v2\/posts\/9472","targetHints":{"allow":["GET"]}}],"collection":[{"href":"https:\/\/www.mafuturemaison.fr\/dossier\/wp-json\/wp\/v2\/posts"}],"about":[{"href":"https:\/\/www.mafuturemaison.fr\/dossier\/wp-json\/wp\/v2\/types\/post"}],"author":[{"embeddable":true,"href":"https:\/\/www.mafuturemaison.fr\/dossier\/wp-json\/wp\/v2\/users\/1"}],"replies":[{"embeddable":true,"href":"https:\/\/www.mafuturemaison.fr\/dossier\/wp-json\/wp\/v2\/comments?post=9472"}],"version-history":[{"count":8,"href":"https:\/\/www.mafuturemaison.fr\/dossier\/wp-json\/wp\/v2\/posts\/9472\/revisions"}],"predecessor-version":[{"id":12885,"href":"https:\/\/www.mafuturemaison.fr\/dossier\/wp-json\/wp\/v2\/posts\/9472\/revisions\/12885"}],"wp:featuredmedia":[{"embeddable":true,"href":"https:\/\/www.mafuturemaison.fr\/dossier\/wp-json\/wp\/v2\/media\/12023"}],"wp:attachment":[{"href":"https:\/\/www.mafuturemaison.fr\/dossier\/wp-json\/wp\/v2\/media?parent=9472"}],"wp:term":[{"taxonomy":"category","embeddable":true,"href":"https:\/\/www.mafuturemaison.fr\/dossier\/wp-json\/wp\/v2\/categories?post=9472"},{"taxonomy":"post_tag","embeddable":true,"href":"https:\/\/www.mafuturemaison.fr\/dossier\/wp-json\/wp\/v2\/tags?post=9472"}],"curies":[{"name":"wp","href":"https:\/\/api.w.org\/{rel}","templated":true}]}}